{"id":10543,"date":"2025-07-11T07:09:18","date_gmt":"2025-07-11T05:09:18","guid":{"rendered":"http:\/\/fcsulzberg.at.host24.profi-server.at\/?p=10543"},"modified":"2025-07-11T07:09:18","modified_gmt":"2025-07-11T05:09:18","slug":"neuzugang-1","status":"publish","type":"post","link":"http:\/\/fcsulzberg.at.host24.profi-server.at\/?p=10543","title":{"rendered":"Neuzugang 1"},"content":{"rendered":"<p>Als ersten Neuzugang d\u00fcfen wir Sandro Brugger vorstellen. Sandro spielte viele Jahre in Weiler bis er wegen seinem Studium nach M\u00fcnchen zum TSV Schwabm\u00fcnchen wechselte. Da spielte er eine wichtige Rolle in der Bayernliga. Nach dem Umzug nach Lindenberg, einen neuen Job und Nachwuchs im Hause Brugger entscheidet er sich f\u00fcr eine Fussballpause. Nun will er es nochmal wissen. Mit seiner Erfahrung wird er eine zentrale Rolle beim FC S einnehmen. Wir freuen uns sehr dich bei uns am Berg zu haben Sandro!<\/p>\n<p><a href=\"http:\/\/fcsulzberg.at.host24.profi-server.at\/wp-content\/uploads\/2025\/07\/Sandro.jpg\" data-rel=\"lightbox-image-0\" data-rl_title=\"\" data-rl_caption=\"\" title=\"\"><img loading=\"lazy\" class=\"alignnone  wp-image-10544\" src=\"http:\/\/fcsulzberg.at.host24.profi-server.at\/wp-content\/uploads\/2025\/07\/Sandro-225x300.jpg\" alt=\"\" width=\"303\" height=\"404\" srcset=\"http:\/\/fcsulzberg.at.host24.profi-server.at\/wp-content\/uploads\/2025\/07\/Sandro-225x300.jpg 225w, http:\/\/fcsulzberg.at.host24.profi-server.at\/wp-content\/uploads\/2025\/07\/Sandro-768x1024.jpg 768w, http:\/\/fcsulzberg.at.host24.profi-server.at\/wp-content\/uploads\/2025\/07\/Sandro-1152x1536.jpg 1152w, http:\/\/fcsulzberg.at.host24.profi-server.at\/wp-content\/uploads\/2025\/07\/Sandro.jpg 1536w\" sizes=\"(max-width: 303px) 100vw, 303px\" \/><\/a><\/p>\n","protected":false},"excerpt":{"rendered":"<p>Als ersten Neuzugang d\u00fcfen wir Sandro Brugger vorstellen. Sandro spielte viele Jahre in Weiler bis er wegen seinem Studium nach M\u00fcnchen zum TSV Schwabm\u00fcnchen wechselte. Da spielte er eine wichtige Rolle in der Bayernliga. Nach dem Umzug nach Lindenberg, einen neuen Job und Nachwuchs im Hause Brugger entscheidet er sich f\u00fcr eine Fussballpause. Nun will &hellip; <a href=\"http:\/\/fcsulzberg.at.host24.profi-server.at\/?p=10543\" class=\"more-link\"><span class=\"screen-reader-text\">Neuzugang 1<\/span> weiterlesen <span class=\"meta-nav\">&rarr;<\/span><\/a><\/p>\n","protected":false},"author":10,"featured_media":0,"comment_status":"open","ping_status":"closed","sticky":false,"template":"","format":"standard","meta":{"spay_email":""},"categories":[1],"tags":[],"aioseo_notices":[],"jetpack_featured_media_url":"","_links":{"self":[{"href":"http:\/\/fcsulzberg.at.host24.profi-server.at\/index.php?rest_route=\/wp\/v2\/posts\/10543"}],"collection":[{"href":"http:\/\/fcsulzberg.at.host24.profi-server.at\/index.php?rest_route=\/wp\/v2\/posts"}],"about":[{"href":"http:\/\/fcsulzberg.at.host24.profi-server.at\/index.php?rest_route=\/wp\/v2\/types\/post"}],"author":[{"embeddable":true,"href":"http:\/\/fcsulzberg.at.host24.profi-server.at\/index.php?rest_route=\/wp\/v2\/users\/10"}],"replies":[{"embeddable":true,"href":"http:\/\/fcsulzberg.at.host24.profi-server.at\/index.php?rest_route=%2Fwp%2Fv2%2Fcomments&post=10543"}],"version-history":[{"count":1,"href":"http:\/\/fcsulzberg.at.host24.profi-server.at\/index.php?rest_route=\/wp\/v2\/posts\/10543\/revisions"}],"predecessor-version":[{"id":10545,"href":"http:\/\/fcsulzberg.at.host24.profi-server.at\/index.php?rest_route=\/wp\/v2\/posts\/10543\/revisions\/10545"}],"wp:attachment":[{"href":"http:\/\/fcsulzberg.at.host24.profi-server.at\/index.php?rest_route=%2Fwp%2Fv2%2Fmedia&parent=10543"}],"wp:term":[{"taxonomy":"category","embeddable":true,"href":"http:\/\/fcsulzberg.at.host24.profi-server.at\/index.php?rest_route=%2Fwp%2Fv2%2Fcategories&post=10543"},{"taxonomy":"post_tag","embeddable":true,"href":"http:\/\/fcsulzberg.at.host24.profi-server.at\/index.php?rest_route=%2Fwp%2Fv2%2Ftags&post=10543"}],"curies":[{"name":"wp","href":"https:\/\/api.w.org\/{rel}","templated":true}]}}