{"id":1062,"date":"2015-07-23T09:37:53","date_gmt":"2015-07-23T07:37:53","guid":{"rendered":"http:\/\/fcsulzberg.at.host24.profi-server.at\/?p=1062"},"modified":"2015-07-27T08:02:19","modified_gmt":"2015-07-27T06:02:19","slug":"interview-mit-vereinsobmann-maex-moosbrugger","status":"publish","type":"post","link":"http:\/\/fcsulzberg.at.host24.profi-server.at\/?p=1062","title":{"rendered":"Interview mit Vereinsobmann &#8222;M\u00e4x&#8220; Moosbrugger"},"content":{"rendered":"<p><strong><em>[Pressefuzi] Eine anstrengende Saison 2014\/15 ist vorbei. Ein kurzes Res\u00fcmee bitte!<\/em><\/strong><!--more--><\/p>\n<blockquote><p>Kurz gesagt &#8211; ein Wechselbad der Gef\u00fchle!! Der Herbst verlief in weiten Phasen leider weit unter dem, was wir uns in der Sommervorbereitung als Ziel gesetzt hatten. Sicherlich auch geschuldet der Verletzungsmisere &#8211; teilweise war eine halbe Mannschaft nicht einsatzf\u00e4hig und das mit schweren Verletzungen! Der Fr\u00fchling ist mit &#8222;furios&#8220; sicherlich nur ann\u00e4hernd umschrieben! Eine tolle Leistung der ganze FC-Familie!<\/p><\/blockquote>\n<p><strong><em>[Pressefuzi] 3 Trainingswochen sind vergangen. Wie ist der aktuelle Stand der Mannschaften?<\/em><\/strong><\/p>\n<blockquote><p>Also das was ich so sehe, ist das sehr hohe Engagement aller Spieler! 1 und 1b trainieren sehr hart und haben in ihren Vorbereitungsspielen bereits sehr gute Ans\u00e4tze gezeigt! F\u00fcr mich am wichtigsten ist, da\u00df die Freude und der Spa\u00df, trotz des harten Trainings, bei allen zu sp\u00fcren ist!<\/p><\/blockquote>\n<p><em><strong>[Pressefuzi]\u00a0 Mit Trainer Jokl Baur wurde schon fr\u00fch ein Nachfolger f\u00fcr Interimstrainer Fink Michael gefunden. Warum fiel die Entscheidung auf Joachim Baur als zuk\u00fcnftiger Trainer?<\/strong><\/em><\/p>\n<blockquote><p>Jokl Baur ist am Sulzberg nat\u00fcrlich kein Unbekannter! Er hat ja 4 Jahre bei uns gespielt und rings um den Sulzberg als Spielertrainer seine Erfahrungen gesammelt! So war er bei unserer sportlichen Leitung schon lange auf der Wunschliste<\/p><\/blockquote>\n<p><strong><em>[Pressefuzi]\u00a0 Die Saison 2015\/16 \u2013 Was sind die sportlichen Ziele und was kann man vom FCS erwarten?<\/em><\/strong><\/p>\n<p>Die sportlichen Ziele \u00fcberlasse ich gerne der sportlichen Leitung!<\/p>\n<p><strong><em>[Pressefuzi]\u00a0 Der FC ist bez\u00fcglich \u201eDorfleben\u201c immer ein sehr engagierter Verein. Welche Aktivit\u00e4ten plant der FC f\u00fcr die kommende Spielzeit?<\/em><\/strong><\/p>\n<blockquote><p>Unseren Gipfeltreff hatten wir ja schon &#8211; bei herrlichem Wetter konnten wir uns \u00fcber viele G\u00e4ste und \u00fcber einen gelungenen Dorfabend freuen! Auch beim\u00a0 Sulzberger Ferienprogramm ist der FC am 16.8. auch wieder mit einem Fu\u00dfballnachmittag f\u00fcr die Jungen dabei! Was soll ich sagen &#8211; unsere Heimspiele sind \u00a0 auch immer ein Treffpunkt f\u00fcr Jung und Alt &#8211; da soll auch wieder unser &#8222;Steirer-Fest&#8220; im Herbst stattfinden! Weiters sind wieder Kathrinemarkt, FC-Ball und unsere Weihnachtsfeier geplant! Und &#8211; nachdem unser &#8222;Kick &amp; Sound 2015&#8220; so grossen Anklang gefunden hat, werden wir wohl auch &#8222;Kick &amp; Sound 2016&#8220; \u00a0\u00a0 ins Auge fassen!<\/p><\/blockquote>\n<p><em><strong>[Pressefuzi]\u00a0 Das FNZ U12 wurde in seiner Spielklasse Meister! Wie ist der FCS f\u00fcr die n\u00e4chsten Jahre im Nachwuchs aufgestellt?<\/strong><\/em><\/p>\n<blockquote><p>Hier m\u00f6chte ich mich ganz herzlich bei unserem Nachwuchsleiter Egon V\u00f6gel f\u00fcr seine tolle Arbeit bedanken!!! In den letzten Jahren sind erfreulicherweise wieder viele junge Burschen und M\u00e4dels zum Fu\u00dfball gekommen und so verschwinden die demografischen &#8222;L\u00f6cher&#8220; der letzten Jahre langsam wieder! Zu unseren eigenen U7- und U9-Mannschaften kommen dieses Jahre wieder 6 (!) Mannschaften unseres gemeinsamen FNZ!<\/p><\/blockquote>\n<p><strong><em>[Pressefuzi]\u00a0 Anfang August findet die Jahreshauptversammlung statt. Wird es Ver\u00e4nderungen bzw. \u00dcberraschungen geben?<\/em><\/strong><\/p>\n<blockquote><p>\u00dcberraschungen sind keine in Aussicht &#8211; es wird personelle Ver\u00e4nderungen geben! Ansonsten blicken wir auf ein sehr turbulentes Jahr zur\u00fcck! Und f\u00fcr mich wird es dann auch ein Abschied auf Raten &#8211; es soll ja mein letztes Jahr als Obmann werden! Aber zuerst mal hei\u00dft es wieder die \u00c4rmel hochzukrempeln und die neuen Herausforderungen anzugehen und zu meistern!<\/p><\/blockquote>\n<p><strong><em>[Pressefuzi]\u00a0 Rubrik: Was ich sonst noch loswerden will!<\/em><\/strong><\/p>\n<blockquote><p>Es soll ja nicht kitschig werden &#8211; aber ich m\u00f6chte mich bei all den Mitgliedern unserer FC-Familie f\u00fcr ihren haupts\u00e4chlich ehrenamtlichen Einsatz f\u00fcr unseren Verein bedanken! Es ist manchmal nicht einfach, alles unter einen Hut zu bekommen &#8211; und wir haben viele unterschiedliche Charaktere und nicht immer stimmen die Meinungen \u00fcberein! Aber so solls auch sein! Und es macht mich dann auch besonders stolz, wenn ich sehe, was wir zusammen alles erreichen k\u00f6nnen! Mein ganz pers\u00f6nlicher Dank gilt stellvertretend f\u00fcr alle meinen Mitstreitern Heini, Adolf, Georg, Paula und Judith!<\/p><\/blockquote>\n<p><em><strong>Danke f\u00fcr das Interview!<\/strong><\/em><\/p>\n<p>&nbsp;<\/p>\n<p>&nbsp;<\/p>\n<p>&nbsp;<\/p>\n<p>&nbsp;<\/p>\n<p>&nbsp;<\/p>\n<p>&nbsp;<\/p>\n<p>&nbsp;<\/p>\n<p>&nbsp;<\/p>\n<p>&nbsp;<\/p>\n<p>&nbsp;<\/p>\n<p>&nbsp;<\/p>\n<p>&nbsp;<\/p>\n","protected":false},"excerpt":{"rendered":"<p>[Pressefuzi] Eine anstrengende Saison 2014\/15 ist vorbei. Ein kurzes Res\u00fcmee bitte!<\/p>\n","protected":false},"author":1,"featured_media":0,"comment_status":"closed","ping_status":"closed","sticky":false,"template":"","format":"standard","meta":{"spay_email":""},"categories":[1],"tags":[],"aioseo_notices":[],"jetpack_featured_media_url":"","_links":{"self":[{"href":"http:\/\/fcsulzberg.at.host24.profi-server.at\/index.php?rest_route=\/wp\/v2\/posts\/1062"}],"collection":[{"href":"http:\/\/fcsulzberg.at.host24.profi-server.at\/index.php?rest_route=\/wp\/v2\/posts"}],"about":[{"href":"http:\/\/fcsulzberg.at.host24.profi-server.at\/index.php?rest_route=\/wp\/v2\/types\/post"}],"author":[{"embeddable":true,"href":"http:\/\/fcsulzberg.at.host24.profi-server.at\/index.php?rest_route=\/wp\/v2\/users\/1"}],"replies":[{"embeddable":true,"href":"http:\/\/fcsulzberg.at.host24.profi-server.at\/index.php?rest_route=%2Fwp%2Fv2%2Fcomments&post=1062"}],"version-history":[{"count":6,"href":"http:\/\/fcsulzberg.at.host24.profi-server.at\/index.php?rest_route=\/wp\/v2\/posts\/1062\/revisions"}],"predecessor-version":[{"id":1078,"href":"http:\/\/fcsulzberg.at.host24.profi-server.at\/index.php?rest_route=\/wp\/v2\/posts\/1062\/revisions\/1078"}],"wp:attachment":[{"href":"http:\/\/fcsulzberg.at.host24.profi-server.at\/index.php?rest_route=%2Fwp%2Fv2%2Fmedia&parent=1062"}],"wp:term":[{"taxonomy":"category","embeddable":true,"href":"http:\/\/fcsulzberg.at.host24.profi-server.at\/index.php?rest_route=%2Fwp%2Fv2%2Fcategories&post=1062"},{"taxonomy":"post_tag","embeddable":true,"href":"http:\/\/fcsulzberg.at.host24.profi-server.at\/index.php?rest_route=%2Fwp%2Fv2%2Ftags&post=1062"}],"curies":[{"name":"wp","href":"https:\/\/api.w.org\/{rel}","templated":true}]}}