{"id":1195,"date":"2015-08-24T07:30:05","date_gmt":"2015-08-24T05:30:05","guid":{"rendered":"http:\/\/fcsulzberg.at.host24.profi-server.at\/?p=1195"},"modified":"2015-08-24T07:31:24","modified_gmt":"2015-08-24T05:31:24","slug":"trainingsstart-u7-und-u9-mit-elternabend","status":"publish","type":"post","link":"http:\/\/fcsulzberg.at.host24.profi-server.at\/?p=1195","title":{"rendered":"Trainingsstart U7 und U9 mit Elternabend!"},"content":{"rendered":"<p>am Donnerstag den 27.08.15 um 17:45 beginnen wir nun auch mit dem Training f\u00fcr unsere j\u00fcngsten Kicker ab Jahrgang 2007 und j\u00fcnger. An diesem Tag findet um 18:30 auch ein Elternabend statt, in dem wir euch gerne \u00fcber die k\u00fcnftigen Trainingszeiten,<!--more--> die Trainer und sonstiges Wissenswertes informieren m\u00f6chten, sowie Fragen und Anregungen eurerseits besprechen k\u00f6nnen.<\/p>\n<p>F\u00fcr die weiteren Trainingseinheiten m\u00f6chten wir die Kinder dann in altersgerechte Gruppen einteilen, damit jedes Kind nach seinen individuellen F\u00e4higkeiten am Besten gef\u00f6rdert werden kann.<\/p>\n<p>Wir freuen uns \u00fcber jeden Neueinsteiger, egal ob M\u00e4dchen oder Junge.<\/p>\n","protected":false},"excerpt":{"rendered":"<p>am Donnerstag den 27.08.15 um 17:45 beginnen wir nun auch mit dem Training f\u00fcr unsere j\u00fcngsten Kicker ab Jahrgang 2007 und j\u00fcnger. An diesem Tag findet um 18:30 auch ein Elternabend statt, in dem wir euch gerne \u00fcber die k\u00fcnftigen Trainingszeiten,<\/p>\n","protected":false},"author":1,"featured_media":0,"comment_status":"open","ping_status":"closed","sticky":false,"template":"","format":"standard","meta":{"spay_email":""},"categories":[1],"tags":[],"aioseo_notices":[],"jetpack_featured_media_url":"","_links":{"self":[{"href":"http:\/\/fcsulzberg.at.host24.profi-server.at\/index.php?rest_route=\/wp\/v2\/posts\/1195"}],"collection":[{"href":"http:\/\/fcsulzberg.at.host24.profi-server.at\/index.php?rest_route=\/wp\/v2\/posts"}],"about":[{"href":"http:\/\/fcsulzberg.at.host24.profi-server.at\/index.php?rest_route=\/wp\/v2\/types\/post"}],"author":[{"embeddable":true,"href":"http:\/\/fcsulzberg.at.host24.profi-server.at\/index.php?rest_route=\/wp\/v2\/users\/1"}],"replies":[{"embeddable":true,"href":"http:\/\/fcsulzberg.at.host24.profi-server.at\/index.php?rest_route=%2Fwp%2Fv2%2Fcomments&post=1195"}],"version-history":[{"count":1,"href":"http:\/\/fcsulzberg.at.host24.profi-server.at\/index.php?rest_route=\/wp\/v2\/posts\/1195\/revisions"}],"predecessor-version":[{"id":1196,"href":"http:\/\/fcsulzberg.at.host24.profi-server.at\/index.php?rest_route=\/wp\/v2\/posts\/1195\/revisions\/1196"}],"wp:attachment":[{"href":"http:\/\/fcsulzberg.at.host24.profi-server.at\/index.php?rest_route=%2Fwp%2Fv2%2Fmedia&parent=1195"}],"wp:term":[{"taxonomy":"category","embeddable":true,"href":"http:\/\/fcsulzberg.at.host24.profi-server.at\/index.php?rest_route=%2Fwp%2Fv2%2Fcategories&post=1195"},{"taxonomy":"post_tag","embeddable":true,"href":"http:\/\/fcsulzberg.at.host24.profi-server.at\/index.php?rest_route=%2Fwp%2Fv2%2Ftags&post=1195"}],"curies":[{"name":"wp","href":"https:\/\/api.w.org\/{rel}","templated":true}]}}