{"id":1209,"date":"2015-08-31T08:29:15","date_gmt":"2015-08-31T06:29:15","guid":{"rendered":"http:\/\/fcsulzberg.at.host24.profi-server.at\/?p=1209"},"modified":"2015-08-31T08:29:36","modified_gmt":"2015-08-31T06:29:36","slug":"niederlage-in-sulz","status":"publish","type":"post","link":"http:\/\/fcsulzberg.at.host24.profi-server.at\/?p=1209","title":{"rendered":"Niederlage in Sulz"},"content":{"rendered":"<p>Bei hochsommerlichen musste unsere Mannschaft am vergangenen Samstag in Sulz antreten. Man hatte sich nach der\u00a0Niederlage gegen\u00a0Altenstadt viel vorgenommen und wollte im ersten Ausw\u00e4rtsspiel gleich voll punkten.<\/p>\n<p>Leider ging diese Rechnung nicht auf<!--more-->, viele Fehlp\u00e4sse, schwaches Zweikampfverhalten, zu wenig Laufbereitschaft, individuelle Fehler, mangelnde Chancenauswertung, es schien als w\u00fcrde an diesem Tag einfach alles Negative zusammenzukommen und so war es\u00a0auch nicht\u00a0verwunderlich, dass man am Ende mit leeren H\u00e4nden da stand.<\/p>\n<p>Die\u00a0Sulzer um Spielertrainer Patrick Fleisch,\u00a0zeigten von\u00a0Anfang an Pr\u00e4senz im Mittelfeld und setzten unsere\u00a0Mannschaft bereits in der eigenen\u00a0H\u00e4lfte unter Druck. So war es extrem schwer f\u00fcr uns einen\u00a0ordentlichen Spielaufbau aus der Defensive heraus zu\u00a0initiieren. Auch im Mittelfeld waren wir zu weit weg von unseren Gegenspielern, dadurch war es f\u00fcr K\u00fcc\u00fck und Co. ein leichtes sich durch unsere Defensivreihen zu kombinieren. Nach 35. Minuten musste dann\u00a0zu allem\u00a0\u00dcberfluss auch noch Goalie Markus Kirchmann nach einem ungl\u00fccklichen Zusammenprall mit einem gegnerischen St\u00fcrmer das Spielfeld\u00a0verlassen. Der eingewechselte Michael Feurle machte seine Sache allerdings f\u00fcr die restliche Zeit sehr gut, das nur vorneweg.<\/p>\n<p>Als man dann den Eindruck hatte, dass man das Spiel langsam in den Griff\u00a0bekommt und sich dann doch noch die ein oder andere Chance ergab, klingelte es in unserem\u00a0Kasten. Eine\u00a0Flanke auf den 2. Pfosten verwertete Lukas\u00a0Bertsch zum 1-0 f\u00fcr Sulz in der 38. Min. Mit diesem Ergebnis ging es in die Halbzeitpause.<\/p>\n<p>Auch in H\u00e4lfte zwei war es ein \u00e4hnliches Bild wie in den 45. Minuten zuvor, wir bekamen einfach keinen Zugriff auf dieses Spiel. So war es dann auch nicht verwunderlich, dass die Hausherren nach einer Stunde mit 2-0 in F\u00fchrung gingen, Torsch\u00fctze war nach einem Konter wiederum Lukas Bertsch.<\/p>\n<p>Zwar versuchte unsere Mannschaft um Kapit\u00e4n Philipp Huber noch einmal Druck aufzubauen, allerdings ohne z\u00e4hlbaren Erfolg. In der 70. Minute dann der endg\u00fcltige\u00a0Knock-out, nach einem Schnitzer in der\u00a0Hintermannschaft, lie\u00df sich der gegnerische St\u00fcrmer\u00a0<a href=\"http:\/\/www.vfv.at\/netzwerk\/spielerdetails\/670725461856634215_100094~1091916935924574792~0.htm\">Ramazan Altintas<\/a>\u00a0nicht zweimal bitten und schob zum entscheidenden 3-0 ein.<\/p>\n<p>Bei diesem Ergebnis blieb es dann und Schiedsrichter Coralic beendete die Partie nach 93. Minuten.<\/p>\n<p>Jetzt gilt es unter der Woche die Gr\u00fcnde dieser Niederlage klar und deutlich zu analysieren und sich mit\u00a0harter Arbeit auf das bevorstehende W\u00e4lderderby gegen Lingenau am kommenden Samstag vorzubereiten, um wieder in die Spur zu kommen.<\/p>\n<p><strong>Aufstellung:<\/strong><\/p>\n<p>Markus Kirchmann, Matthias Winkler, Alexander Epp, Manuel Sohler, Yannick Alber, Manuel M\u00f6\u00df, Stefan Eienbach, Philipp Huber (K), Roman Hurka, Johannes Sinz, Alexander Fink<\/p>\n<p>Ersatzbank:<\/p>\n<p>ETW Michael Feurle, Sandro Delfauro, Fabian Giselbrecht, Richard Baldauf, Cornelius Blank<\/p>\n<p><strong>Auswechslungen:<\/strong><\/p>\n<p><a href=\"http:\/\/www.vfv.at\/netzwerk\/spielerdetails\/670725461856634215_100094~1085502099472538459~0.htm\">Michael Feurle <\/a>f\u00fcr\u00a0<a href=\"http:\/\/www.vfv.at\/netzwerk\/spielerdetails\/670725461856634215_100094~1085502288451099730~0.htm\">Markus Kirchmann<\/a><\/p>\n<p><a href=\"http:\/\/www.vfv.at\/netzwerk\/spielerdetails\/670725461856634215_100094~1085501687155677683~0.htm\">Sandro Delfauro <\/a>f\u00fcr\u00a0<a href=\"http:\/\/www.vfv.at\/netzwerk\/spielerdetails\/670725461856634215_100094~1085502374350445696~0.htm\">Manuel Sohler<\/a><\/p>\n<p><a href=\"http:\/\/www.vfv.at\/netzwerk\/spielerdetails\/670725461856634215_100094~1085502185371884395~0.htm\">Fabian Giselbrecht <\/a>f\u00fcr\u00a0<a href=\"http:\/\/www.vfv.at\/netzwerk\/spielerdetails\/670725461856634215_100094~1086995858110745676~0.htm\">Yannick Alber<\/a><\/p>\n<p><strong>Tore:<\/strong><\/p>\n<ul>\n<li>1:0:\u00a0<a href=\"http:\/\/www.vfv.at\/netzwerk\/spielerdetails\/670725461856634215_100094~1091915819233076654~0.htm\">Lukas Bertsch<\/a>(38.)<\/li>\n<li>2:0:\u00a0<a href=\"http:\/\/www.vfv.at\/netzwerk\/spielerdetails\/670725461856634215_100094~1091915819233076654~0.htm\">Lukas Bertsch<\/a>(60.)<\/li>\n<li>3:0:\u00a0<a href=\"http:\/\/www.vfv.at\/netzwerk\/spielerdetails\/670725461856634215_100094~1091916935924574792~0.htm\">Ramazan Altintas<\/a>(70.)<\/li>\n<\/ul>\n<p><strong>Zuschauer: 200 \/ Schiedsrichter: Husein Coralic<\/strong><\/p>\n<p>Erfreuliches gibt es noch von unserem 1b zu berichten, die Jungs konnten am gestrigen Sonntag den zweiten Sieg im zweiten Spiel einfahren. Die Mannschaft um Trainer Jacko Fink gewann mit 5-1 bei der SPG H\u00f6rbranz\/Hohenweiler 1b. Gl\u00fcckwunsch M\u00e4nner, weiter so!<\/p>\n","protected":false},"excerpt":{"rendered":"<p>Bei hochsommerlichen musste unsere Mannschaft am vergangenen Samstag in Sulz antreten. Man hatte sich nach der\u00a0Niederlage gegen\u00a0Altenstadt viel vorgenommen und wollte im ersten Ausw\u00e4rtsspiel gleich voll punkten. Leider ging diese Rechnung nicht auf<\/p>\n","protected":false},"author":1,"featured_media":0,"comment_status":"closed","ping_status":"closed","sticky":false,"template":"","format":"standard","meta":{"spay_email":""},"categories":[1],"tags":[],"aioseo_notices":[],"jetpack_featured_media_url":"","_links":{"self":[{"href":"http:\/\/fcsulzberg.at.host24.profi-server.at\/index.php?rest_route=\/wp\/v2\/posts\/1209"}],"collection":[{"href":"http:\/\/fcsulzberg.at.host24.profi-server.at\/index.php?rest_route=\/wp\/v2\/posts"}],"about":[{"href":"http:\/\/fcsulzberg.at.host24.profi-server.at\/index.php?rest_route=\/wp\/v2\/types\/post"}],"author":[{"embeddable":true,"href":"http:\/\/fcsulzberg.at.host24.profi-server.at\/index.php?rest_route=\/wp\/v2\/users\/1"}],"replies":[{"embeddable":true,"href":"http:\/\/fcsulzberg.at.host24.profi-server.at\/index.php?rest_route=%2Fwp%2Fv2%2Fcomments&post=1209"}],"version-history":[{"count":1,"href":"http:\/\/fcsulzberg.at.host24.profi-server.at\/index.php?rest_route=\/wp\/v2\/posts\/1209\/revisions"}],"predecessor-version":[{"id":1210,"href":"http:\/\/fcsulzberg.at.host24.profi-server.at\/index.php?rest_route=\/wp\/v2\/posts\/1209\/revisions\/1210"}],"wp:attachment":[{"href":"http:\/\/fcsulzberg.at.host24.profi-server.at\/index.php?rest_route=%2Fwp%2Fv2%2Fmedia&parent=1209"}],"wp:term":[{"taxonomy":"category","embeddable":true,"href":"http:\/\/fcsulzberg.at.host24.profi-server.at\/index.php?rest_route=%2Fwp%2Fv2%2Fcategories&post=1209"},{"taxonomy":"post_tag","embeddable":true,"href":"http:\/\/fcsulzberg.at.host24.profi-server.at\/index.php?rest_route=%2Fwp%2Fv2%2Ftags&post=1209"}],"curies":[{"name":"wp","href":"https:\/\/api.w.org\/{rel}","templated":true}]}}