{"id":1378,"date":"2015-12-03T14:19:20","date_gmt":"2015-12-03T13:19:20","guid":{"rendered":"http:\/\/fcsulzberg.at.host24.profi-server.at\/?p=1378"},"modified":"2015-12-03T14:21:13","modified_gmt":"2015-12-03T13:21:13","slug":"vertragsverlaengerungen","status":"publish","type":"post","link":"http:\/\/fcsulzberg.at.host24.profi-server.at\/?p=1378","title":{"rendered":"Vertragsverl\u00e4ngerungen"},"content":{"rendered":"<p>Fr\u00fchzeitig die Weichen f\u00fcr die kommende Saison 2016\/2017 zu stellen, so lautete das Ziel der sportlichen Leitung und Trainer Joachim Baur in den vergangenen Wochen. Das uns das bis dato sehr wohl gelungen ist, sieht man daran, dass 3 wichtige Personalien gekl\u00e4rt werden konnten.<!--more--><\/p>\n<p><span style=\"color: #ff0000;\"><strong>Sowohl Trainer Joachim Baur selbst, als auch Mittelfeldmotor Manuel M\u00f6\u00df und Torj\u00e4ger Alexander Fink verl\u00e4ngerten ihre Vertr\u00e4ge langfristig bis Juli 2017!<\/strong><\/span><\/p>\n<p>Eine \u00fcberaus erfreuliche und positive Meldung f\u00fcr den ganzen Verein und auch das Umfeld des Fliesen Heim FC Sulzberg. So k\u00f6nnen wir im Fr\u00fchjahr in Ruhe und mit h\u00f6chster Disziplin an unserem gro\u00dfen Ziel arbeiten.<\/p>\n<p>Auf diesem Wege w\u00fcnschen wir dem Trio weiterhin eine verletzungsfreie und erfolgreiche Zeit im Alpenstadion. Weiter so M\u00e4nner!!!<\/p>\n","protected":false},"excerpt":{"rendered":"<p>Fr\u00fchzeitig die Weichen f\u00fcr die kommende Saison 2016\/2017 zu stellen, so lautete das Ziel der sportlichen Leitung und Trainer Joachim Baur in den vergangenen Wochen. Das uns das bis dato sehr wohl gelungen ist, sieht man daran, dass 3 wichtige Personalien gekl\u00e4rt werden konnten.<\/p>\n","protected":false},"author":1,"featured_media":0,"comment_status":"closed","ping_status":"closed","sticky":false,"template":"","format":"standard","meta":{"spay_email":""},"categories":[1],"tags":[],"aioseo_notices":[],"jetpack_featured_media_url":"","_links":{"self":[{"href":"http:\/\/fcsulzberg.at.host24.profi-server.at\/index.php?rest_route=\/wp\/v2\/posts\/1378"}],"collection":[{"href":"http:\/\/fcsulzberg.at.host24.profi-server.at\/index.php?rest_route=\/wp\/v2\/posts"}],"about":[{"href":"http:\/\/fcsulzberg.at.host24.profi-server.at\/index.php?rest_route=\/wp\/v2\/types\/post"}],"author":[{"embeddable":true,"href":"http:\/\/fcsulzberg.at.host24.profi-server.at\/index.php?rest_route=\/wp\/v2\/users\/1"}],"replies":[{"embeddable":true,"href":"http:\/\/fcsulzberg.at.host24.profi-server.at\/index.php?rest_route=%2Fwp%2Fv2%2Fcomments&post=1378"}],"version-history":[{"count":3,"href":"http:\/\/fcsulzberg.at.host24.profi-server.at\/index.php?rest_route=\/wp\/v2\/posts\/1378\/revisions"}],"predecessor-version":[{"id":1381,"href":"http:\/\/fcsulzberg.at.host24.profi-server.at\/index.php?rest_route=\/wp\/v2\/posts\/1378\/revisions\/1381"}],"wp:attachment":[{"href":"http:\/\/fcsulzberg.at.host24.profi-server.at\/index.php?rest_route=%2Fwp%2Fv2%2Fmedia&parent=1378"}],"wp:term":[{"taxonomy":"category","embeddable":true,"href":"http:\/\/fcsulzberg.at.host24.profi-server.at\/index.php?rest_route=%2Fwp%2Fv2%2Fcategories&post=1378"},{"taxonomy":"post_tag","embeddable":true,"href":"http:\/\/fcsulzberg.at.host24.profi-server.at\/index.php?rest_route=%2Fwp%2Fv2%2Ftags&post=1378"}],"curies":[{"name":"wp","href":"https:\/\/api.w.org\/{rel}","templated":true}]}}