{"id":1485,"date":"2016-02-16T13:11:44","date_gmt":"2016-02-16T12:11:44","guid":{"rendered":"http:\/\/fcsulzberg.at.host24.profi-server.at\/?p=1485"},"modified":"2016-02-16T13:11:59","modified_gmt":"2016-02-16T12:11:59","slug":"vorbereitungsstart-im-fruehjahr-2016","status":"publish","type":"post","link":"http:\/\/fcsulzberg.at.host24.profi-server.at\/?p=1485","title":{"rendered":"Vorbereitungsstart im Fr\u00fchjahr 2016"},"content":{"rendered":"<p>Ab heute starten unsere beiden Kampfmannschaften in die Vorbereitung f\u00fcr die Fr\u00fchjahrssaison 2016. Unser Eins beginnt ab 19 Uhr in Maierh\u00f6fen\/Allg\u00e4u, das 1b startet Freitag ab 20 Uhr in H\u00f6rbranz.<\/p>\n<p>F\u00fcr beide Teams gilt es sich bestm\u00f6glich auf die bevorstehenden Aufgaben in der Liga vorzubereiten, um die gesteckten Ziele zu erreichen. Wie jedes Jahr stellt auch diese Vorbereitung<!--more--> einen gro\u00dfen Aufwand f\u00fcr Spieler und Trainer dar, witterungsbedingt ist an ein Training in Sulzberg sicher bis Mitte\/Ende M\u00e4rz nicht zu denken.<\/p>\n<p>So tingelt man zwischen Maierh\u00f6fen, H\u00f6rbranz, Hard und zu guter Letzt Heimenkirch s\u00e4mtliche Kunstrasenpl\u00e4tze ab, um optimale Trainingsbedingungen vorzufinden. Nicht zu vergessen die Einheiten in der Halle in Doren.<\/p>\n<p>Kadertechnisch haben sich auch ein paar kleine \u00c4nderungen ergeben. Matthias Winkler wird aus zeitlichen und beruflichen Gr\u00fcnden das Eins Dress im Fr\u00fchling nicht mehr \u00fcberstreifen k\u00f6nnen. Auf diesem Wege m\u00f6chten wir uns f\u00fcr seinen Einsatz im Herbst bedanken und ihm alles gute f\u00fcr seine Zukunft w\u00fcnschen, danke Matze!<\/p>\n<p>Zur\u00fcck im Kader sind die Langzeitverletzten Michael Feurle und David Heidegger, welcome back Jungs.<\/p>\n<p>Bei unserem 1b k\u00f6nnen wir 3 Neuzug\u00e4nge verzeichnen. Azim Aydin kommt zur\u00fcck vom FC Doren, Lucas V\u00f6gel (Tormann) von den Austria Lustenau Amateuren und Fidel Leib vom SV Amtzell.<\/p>\n<p>Vom 09. M\u00e4rz bis zum 13.03.2016 werden wir ins Trainingslager nach Villafranca di Verona fahren.<\/p>\n<p><strong>Beiden Mannschaften w\u00fcnschen wir eine verletzungsfreie und erfolgreiche Vorbereitung!!!<\/strong><\/p>\n<p>&nbsp;<\/p>\n<p><em>Vorbereitungsspiele Eins:<\/em><\/p>\n<p>Samstag, 20.02.2016 um 13 Uhr gegen SV Maierh\u00f6fen (in Maierh\u00f6fen)<\/p>\n<p>Freitag, 26.02.2016 um 20 Uhr gegen FC Schwarzenberg (in Andelsbuch)<\/p>\n<p>Sonntag, 28.02.2016 um 11 Uhr gegen TSV R\u00f6thenbach (in R\u00f6thenbach)<\/p>\n<p>Samstag, 05.03.2016 um 15 Uhr gegen TSV Heimenkirch (in Heimenkirch)<\/p>\n<p>Dienstag, 15.03.2016 um 20 Uhr gegen Immenstaad (in Immenstaad)<\/p>\n<p>&nbsp;<\/p>\n<p><em>Vorbereitungsspiele 1b:<\/em><\/p>\n<p>Sonntag, 21.02.2016 um 14 Uhr gegen Opfenbach 2 (in Schlachters)<\/p>\n<p>Sonntag, 28.02.2016 um 13 Uhr gegen FV Weiler 2 (in Weiler)<\/p>\n<p>Samstag, 05.03.2016 um 13 Uhr gegen TSV Heimenkirch 2 (in Heimenkirch)<\/p>\n<p>Sonntag, 03.04.2016 um 13 Uhr gegen FC Lindenberg 2 (in Lindenberg)<\/p>\n","protected":false},"excerpt":{"rendered":"<p>Ab heute starten unsere beiden Kampfmannschaften in die Vorbereitung f\u00fcr die Fr\u00fchjahrssaison 2016. Unser Eins beginnt ab 19 Uhr in Maierh\u00f6fen\/Allg\u00e4u, das 1b startet Freitag ab 20 Uhr in H\u00f6rbranz. F\u00fcr beide Teams gilt es sich bestm\u00f6glich auf die bevorstehenden Aufgaben in der Liga vorzubereiten, um die gesteckten Ziele zu erreichen. Wie jedes Jahr stellt &hellip; <a href=\"http:\/\/fcsulzberg.at.host24.profi-server.at\/?p=1485\" class=\"more-link\"><span class=\"screen-reader-text\">Vorbereitungsstart im Fr\u00fchjahr 2016<\/span> weiterlesen <span class=\"meta-nav\">&rarr;<\/span><\/a><\/p>\n","protected":false},"author":1,"featured_media":0,"comment_status":"closed","ping_status":"closed","sticky":false,"template":"","format":"standard","meta":{"spay_email":""},"categories":[1],"tags":[],"aioseo_notices":[],"jetpack_featured_media_url":"","_links":{"self":[{"href":"http:\/\/fcsulzberg.at.host24.profi-server.at\/index.php?rest_route=\/wp\/v2\/posts\/1485"}],"collection":[{"href":"http:\/\/fcsulzberg.at.host24.profi-server.at\/index.php?rest_route=\/wp\/v2\/posts"}],"about":[{"href":"http:\/\/fcsulzberg.at.host24.profi-server.at\/index.php?rest_route=\/wp\/v2\/types\/post"}],"author":[{"embeddable":true,"href":"http:\/\/fcsulzberg.at.host24.profi-server.at\/index.php?rest_route=\/wp\/v2\/users\/1"}],"replies":[{"embeddable":true,"href":"http:\/\/fcsulzberg.at.host24.profi-server.at\/index.php?rest_route=%2Fwp%2Fv2%2Fcomments&post=1485"}],"version-history":[{"count":1,"href":"http:\/\/fcsulzberg.at.host24.profi-server.at\/index.php?rest_route=\/wp\/v2\/posts\/1485\/revisions"}],"predecessor-version":[{"id":1486,"href":"http:\/\/fcsulzberg.at.host24.profi-server.at\/index.php?rest_route=\/wp\/v2\/posts\/1485\/revisions\/1486"}],"wp:attachment":[{"href":"http:\/\/fcsulzberg.at.host24.profi-server.at\/index.php?rest_route=%2Fwp%2Fv2%2Fmedia&parent=1485"}],"wp:term":[{"taxonomy":"category","embeddable":true,"href":"http:\/\/fcsulzberg.at.host24.profi-server.at\/index.php?rest_route=%2Fwp%2Fv2%2Fcategories&post=1485"},{"taxonomy":"post_tag","embeddable":true,"href":"http:\/\/fcsulzberg.at.host24.profi-server.at\/index.php?rest_route=%2Fwp%2Fv2%2Ftags&post=1485"}],"curies":[{"name":"wp","href":"https:\/\/api.w.org\/{rel}","templated":true}]}}