{"id":1617,"date":"2016-03-24T11:57:35","date_gmt":"2016-03-24T10:57:35","guid":{"rendered":"http:\/\/fcsulzberg.at.host24.profi-server.at\/?p=1617"},"modified":"2016-03-25T07:10:45","modified_gmt":"2016-03-25T06:10:45","slug":"es-geht-wieder-los","status":"publish","type":"post","link":"http:\/\/fcsulzberg.at.host24.profi-server.at\/?p=1617","title":{"rendered":"Es geht wieder los!"},"content":{"rendered":"<p>Am kommenden Samstag um 15.30 Uhr bestreitet unsere erste Kampfmannschaft ihr erstes Meisterschaftsspiel beim Tabellenzw\u00f6lften Viktoria Bregenz.<\/p>\n<p><!--more--><\/p>\n<p>Nach gut 3 Monaten Winterpause und 6 Wochen intensiver Vorbereitung, geht es f\u00fcr die Spieler endlich wieder auf den gr\u00fcnen Rasen.<\/p>\n<p>Die gezeigten Leistungen in den Vorbereitungsspielen waren durchaus ansprechend und machen Appetit auf mehr.<\/p>\n<p>Leider sind wir auch diesmal nicht vom Verletzungspech verschont geblieben. Manuel Sohler hat sich beim Spiel in Immenstaad eine schwere Gesichtsverletzung zugezogen und f\u00e4llt auf unbestimmte Zeit aus. Ebenfalls l\u00e4nger ausfallen wird Michael Feurle, der immernoch mit starken Problemen im operierten Knie zu k\u00e4mpfen hat. Ansonsten kann Trainer Jockel Baur mehr oder weniger aus dem vollen sch\u00f6pfen. Es stehen noch ein paar Fragezeichen hinter dem ein oder anderen angeschlagenen Spieler, aber er wird am Samstag mit Sicherheit eine hochmotivierte und schlagkr\u00e4ftige Truppe aufs Feld schicken.<\/p>\n<p>Anstoss der Partie am Viktoriaplatz ist wie oben schon erw\u00e4hnt, Karsamstag 15.30 Uhr! Geleitet wird das Spiel von SR Kurtoglu.<\/p>\n<p>Wir w\u00fcnschen unserer Mannschaft einen erfolgreichen Start ins Fr\u00fchjahr und hoffen, dass uns unsere zahlreichen treuen Fans nach Bregenz begleiten, um die Jungs zu unterst\u00fctzen.<\/p>\n<p><a href=\"http:\/\/fcsulzberg.at.host24.profi-server.at\/wp-content\/uploads\/2016\/03\/Spielplan_FJ2016.pdf\" target=\"_blank\" rel=\"\">Spielplan Fr\u00fchjahr 2016<\/a><\/p>\n","protected":false},"excerpt":{"rendered":"<p>Am kommenden Samstag um 15.30 Uhr bestreitet unsere erste Kampfmannschaft ihr erstes Meisterschaftsspiel beim Tabellenzw\u00f6lften Viktoria Bregenz.<\/p>\n","protected":false},"author":6,"featured_media":0,"comment_status":"closed","ping_status":"closed","sticky":false,"template":"","format":"standard","meta":{"spay_email":""},"categories":[1],"tags":[],"aioseo_notices":[],"jetpack_featured_media_url":"","_links":{"self":[{"href":"http:\/\/fcsulzberg.at.host24.profi-server.at\/index.php?rest_route=\/wp\/v2\/posts\/1617"}],"collection":[{"href":"http:\/\/fcsulzberg.at.host24.profi-server.at\/index.php?rest_route=\/wp\/v2\/posts"}],"about":[{"href":"http:\/\/fcsulzberg.at.host24.profi-server.at\/index.php?rest_route=\/wp\/v2\/types\/post"}],"author":[{"embeddable":true,"href":"http:\/\/fcsulzberg.at.host24.profi-server.at\/index.php?rest_route=\/wp\/v2\/users\/6"}],"replies":[{"embeddable":true,"href":"http:\/\/fcsulzberg.at.host24.profi-server.at\/index.php?rest_route=%2Fwp%2Fv2%2Fcomments&post=1617"}],"version-history":[{"count":2,"href":"http:\/\/fcsulzberg.at.host24.profi-server.at\/index.php?rest_route=\/wp\/v2\/posts\/1617\/revisions"}],"predecessor-version":[{"id":1622,"href":"http:\/\/fcsulzberg.at.host24.profi-server.at\/index.php?rest_route=\/wp\/v2\/posts\/1617\/revisions\/1622"}],"wp:attachment":[{"href":"http:\/\/fcsulzberg.at.host24.profi-server.at\/index.php?rest_route=%2Fwp%2Fv2%2Fmedia&parent=1617"}],"wp:term":[{"taxonomy":"category","embeddable":true,"href":"http:\/\/fcsulzberg.at.host24.profi-server.at\/index.php?rest_route=%2Fwp%2Fv2%2Fcategories&post=1617"},{"taxonomy":"post_tag","embeddable":true,"href":"http:\/\/fcsulzberg.at.host24.profi-server.at\/index.php?rest_route=%2Fwp%2Fv2%2Ftags&post=1617"}],"curies":[{"name":"wp","href":"https:\/\/api.w.org\/{rel}","templated":true}]}}