{"id":1624,"date":"2016-03-27T16:02:40","date_gmt":"2016-03-27T14:02:40","guid":{"rendered":"http:\/\/fcsulzberg.at.host24.profi-server.at\/?p=1624"},"modified":"2016-03-27T16:03:39","modified_gmt":"2016-03-27T14:03:39","slug":"3-1-sieg-zum-auftakt","status":"publish","type":"post","link":"http:\/\/fcsulzberg.at.host24.profi-server.at\/?p=1624","title":{"rendered":"3-1 Sieg zum Auftakt!"},"content":{"rendered":"<p>Einen erfolgreichen Start in die Fr\u00fchjahrssaison feierte unsere Mannschaft zum Auftakt in Bregenz. Bei herrlichen \u00e4u\u00dferen Bedingungen musste Trainer Jockel Baur kurzfristig umplanen, Markus Kirchmann und Robert Baur fielen grippebedingt \u00fcber Nacht aus, desweiteren weilte Torj\u00e4ger Alex Fink bei Verwandten in Slowenien.<\/p>\n<p><!--more--><\/p>\n<p>Um kurz nach halb vier pfiff der umsichtig leitende Schiedsrichter Kurtoglu die Partie an. Man merkte beiden Teams die fehlende Praxis auf dem gr\u00fcnen Rasen an und so entwickelte sich eine zerfahrene Partie zu Anfang. Die erste Chance hatte unsere Mannschaft, nach einem Freisto\u00df aus dem Halbfeld stand Jodl Sinz allerdings im Abseits, so dass sein Kopfballtor nicht gegeben wurde. In der 32. Minute gingen die Hausherren in F\u00fchrung, nach einem Missverst\u00e4ndnis unserer Defensive tauchte Pascal Mitteregger alleine vor Michael Feurle auf, umspielte diesen und schob zum 1-0 ein. Nur 5. Minuten sp\u00e4ter der Ausgleich f\u00fcr Kapit\u00e4n Huber und Co., nach einer missgl\u00fcckten Kopfball R\u00fcckgabe eines Viktoria Verteidigers sprintete Jodl Sinz dazwischen und vollendete zum 1-1. Mit diesem Ergebnis ging es in die Halbzeitpause. Auch nach dem Wechsel war die Partie sehr zerfahren, allerdings erarbeitete sich unsere Mannschaft leichte Feldvorteile. Angetrieben von den zahlreichen Sulzberger Anh\u00e4ngern und einem stark aufspielenden Youngster Cornelius Blank im Mittelfeld dr\u00fcckte\u00a0man die Bregenzer mit zunehmender Spieldauer in die eigene H\u00e4lfte. So war es in der 65. Minute Stefan Eienbach der mit einem strammen Schuss ins linke Kreuzeck die verdiente 2-1 F\u00fchrung f\u00fcr Sulzberg erzielte. Den Viktorianern merkte man langsam den Kr\u00e4fteverschleiss an und so erspielte sich unser Team etliche gute Torchancen die aber allesamt ungenutzt blieben. Nachdem sich die G\u00e4ste in der 81. Minute selbst dezimierten, Gregor Sulzbacher sah nach wiederholtem Foulspiel Gelb\/Rot schien die Messe gelesen. In der 85. Minute sorgte der eingewechselte Fabian Giselbrecht noch f\u00fcr eine Slapstick Einlage der besonderen Art, einen Querpass von Jodl Sinz ballerte er aus 5 Metern \u00fcber den leeren Kasten, ein Raunen ging durch die Zuschauerreihen. Zwei Minuten sp\u00e4ter machte er es besser und erzielte den Endstand von \u00a03-1 mit einem satten Linksschu\u00df ins kurze Eck.<\/p>\n<p>Alles in allem ein verdienter Sieg f\u00fcr das Team um Trainer Jockel Baur. Mit diesem Erfolgserlebnis zum Auftakt geht es n\u00e4chsten Samstag zum schweren Ausw\u00e4rtsspiel nach Altenstadt, die ihrerseits mit 0-4 gegen den RW Langen den k\u00fcrzeren zogen und diese Scharte sicher im ersten Heimspiel ausmerzen wollen.<\/p>\n<p>Ein gro\u00dfes Dankesch\u00f6n gilt wieder unseren treuen Fans, beeindruckend wieviele Sulzberger sich auf den Weg nach Bregenz gemacht haben und unsere Jungs lautstark unterst\u00fctzt haben. VIELEN DANK, das war der Wahnsinn!!!<\/p>\n<p>&nbsp;<\/p>\n","protected":false},"excerpt":{"rendered":"<p>Einen erfolgreichen Start in die Fr\u00fchjahrssaison feierte unsere Mannschaft zum Auftakt in Bregenz. Bei herrlichen \u00e4u\u00dferen Bedingungen musste Trainer Jockel Baur kurzfristig umplanen, Markus Kirchmann und Robert Baur fielen grippebedingt \u00fcber Nacht aus, desweiteren weilte Torj\u00e4ger Alex Fink bei Verwandten in Slowenien.<\/p>\n","protected":false},"author":6,"featured_media":0,"comment_status":"closed","ping_status":"closed","sticky":false,"template":"","format":"standard","meta":{"spay_email":""},"categories":[1],"tags":[],"aioseo_notices":[],"jetpack_featured_media_url":"","_links":{"self":[{"href":"http:\/\/fcsulzberg.at.host24.profi-server.at\/index.php?rest_route=\/wp\/v2\/posts\/1624"}],"collection":[{"href":"http:\/\/fcsulzberg.at.host24.profi-server.at\/index.php?rest_route=\/wp\/v2\/posts"}],"about":[{"href":"http:\/\/fcsulzberg.at.host24.profi-server.at\/index.php?rest_route=\/wp\/v2\/types\/post"}],"author":[{"embeddable":true,"href":"http:\/\/fcsulzberg.at.host24.profi-server.at\/index.php?rest_route=\/wp\/v2\/users\/6"}],"replies":[{"embeddable":true,"href":"http:\/\/fcsulzberg.at.host24.profi-server.at\/index.php?rest_route=%2Fwp%2Fv2%2Fcomments&post=1624"}],"version-history":[{"count":2,"href":"http:\/\/fcsulzberg.at.host24.profi-server.at\/index.php?rest_route=\/wp\/v2\/posts\/1624\/revisions"}],"predecessor-version":[{"id":1626,"href":"http:\/\/fcsulzberg.at.host24.profi-server.at\/index.php?rest_route=\/wp\/v2\/posts\/1624\/revisions\/1626"}],"wp:attachment":[{"href":"http:\/\/fcsulzberg.at.host24.profi-server.at\/index.php?rest_route=%2Fwp%2Fv2%2Fmedia&parent=1624"}],"wp:term":[{"taxonomy":"category","embeddable":true,"href":"http:\/\/fcsulzberg.at.host24.profi-server.at\/index.php?rest_route=%2Fwp%2Fv2%2Fcategories&post=1624"},{"taxonomy":"post_tag","embeddable":true,"href":"http:\/\/fcsulzberg.at.host24.profi-server.at\/index.php?rest_route=%2Fwp%2Fv2%2Ftags&post=1624"}],"curies":[{"name":"wp","href":"https:\/\/api.w.org\/{rel}","templated":true}]}}