{"id":1947,"date":"2016-06-03T07:46:45","date_gmt":"2016-06-03T05:46:45","guid":{"rendered":"http:\/\/fcsulzberg.at.host24.profi-server.at\/?p=1947"},"modified":"2016-06-03T07:46:45","modified_gmt":"2016-06-03T05:46:45","slug":"kaderplanung-saison-201617","status":"publish","type":"post","link":"http:\/\/fcsulzberg.at.host24.profi-server.at\/?p=1947","title":{"rendered":"Kaderplanung Saison 2016\/17"},"content":{"rendered":"<p>Nachdem wir bereits im Winter mit unserem Trainer Joachim Baur und den beiden Spielern Manuel M\u00f6\u00df und Alex Fink verl\u00e4ngert haben, wurde nun im Laufe der letzten Wochen der \u00fcbrige Kader fixiert. Bis auf Kapit\u00e4n Philipp Huber, Tormann Markus Kirchmann und Robert Baur, welche alle in die \u201eAltersteilzeit\u201c gehen werden, bleiben uns erfreulicherweise alle Spieler auch f\u00fcr die Saison 2016\/2017 erhalten.<\/p>\n<p><!--more--><\/p>\n<p>Eigenbauspieler Yannick Alber wir ab Sommer die Ausbildung als Konditor in Bezau machen und daher nur sporadisch zur Verf\u00fcgung stehen.<\/p>\n<p>Wir freuen uns 3 Neuzug\u00e4nge f\u00fcr die kommende Saison im Alpenstadion begr\u00fc\u00dfen zu d\u00fcrfen.<\/p>\n<p>Vom FC Isny kommt der 28-j\u00e4hrige Tormann Michael Schm\u00e4hl. Er\u00a0wird mit Michael Feurle und Fabian Baur um die vakante Position im Tor k\u00e4mpfen. Seine bisherigen Stationen waren der FC Wangen und wie oben schon erw\u00e4hnt der FC Isny.<\/p>\n<p>Neuzugang Nummer zwei ist Michael Schmid. Der hochtalentierte 17-j\u00e4hrige kommt aus der Jugend des FV Ravensburg und kann sowohl auf der 6er Position, als auch in der IV eingesetzt werden.<\/p>\n<p>Zu guter Letzt wird Simon Schroll (19 Jahre) n\u00e4chste Saison das Dress des Fliesen Heim FC Sulzberg \u00fcberstreifen. Simon spielt aktuell als Innenverteidiger beim SB Rosenheim. Er wird ab Sommer wieder im nahen Allg\u00e4u wohnen, daher kam dieser Wechsel \u00fcberhaupt zu Stande.<\/p>\n<p>Eventuell gibt es noch einen weiteren Neuzugang, wir sind derzeit noch in Gespr\u00e4chen mit entsprechenden Kanditaten. Falls es hierzu Neuigkeiten gibt, werden wir diese auf unserer Homepage bekanntgeben.<\/p>\n","protected":false},"excerpt":{"rendered":"<p>Nachdem wir bereits im Winter mit unserem Trainer Joachim Baur und den beiden Spielern Manuel M\u00f6\u00df und Alex Fink verl\u00e4ngert haben, wurde nun im Laufe der letzten Wochen der \u00fcbrige Kader fixiert. Bis auf Kapit\u00e4n Philipp Huber, Tormann Markus Kirchmann und Robert Baur, welche alle in die \u201eAltersteilzeit\u201c gehen werden, bleiben uns erfreulicherweise alle Spieler &hellip; <a href=\"http:\/\/fcsulzberg.at.host24.profi-server.at\/?p=1947\" class=\"more-link\"><span class=\"screen-reader-text\">Kaderplanung Saison 2016\/17<\/span> weiterlesen <span class=\"meta-nav\">&rarr;<\/span><\/a><\/p>\n","protected":false},"author":6,"featured_media":0,"comment_status":"closed","ping_status":"closed","sticky":false,"template":"","format":"standard","meta":{"spay_email":""},"categories":[1],"tags":[],"aioseo_notices":[],"jetpack_featured_media_url":"","_links":{"self":[{"href":"http:\/\/fcsulzberg.at.host24.profi-server.at\/index.php?rest_route=\/wp\/v2\/posts\/1947"}],"collection":[{"href":"http:\/\/fcsulzberg.at.host24.profi-server.at\/index.php?rest_route=\/wp\/v2\/posts"}],"about":[{"href":"http:\/\/fcsulzberg.at.host24.profi-server.at\/index.php?rest_route=\/wp\/v2\/types\/post"}],"author":[{"embeddable":true,"href":"http:\/\/fcsulzberg.at.host24.profi-server.at\/index.php?rest_route=\/wp\/v2\/users\/6"}],"replies":[{"embeddable":true,"href":"http:\/\/fcsulzberg.at.host24.profi-server.at\/index.php?rest_route=%2Fwp%2Fv2%2Fcomments&post=1947"}],"version-history":[{"count":4,"href":"http:\/\/fcsulzberg.at.host24.profi-server.at\/index.php?rest_route=\/wp\/v2\/posts\/1947\/revisions"}],"predecessor-version":[{"id":1951,"href":"http:\/\/fcsulzberg.at.host24.profi-server.at\/index.php?rest_route=\/wp\/v2\/posts\/1947\/revisions\/1951"}],"wp:attachment":[{"href":"http:\/\/fcsulzberg.at.host24.profi-server.at\/index.php?rest_route=%2Fwp%2Fv2%2Fmedia&parent=1947"}],"wp:term":[{"taxonomy":"category","embeddable":true,"href":"http:\/\/fcsulzberg.at.host24.profi-server.at\/index.php?rest_route=%2Fwp%2Fv2%2Fcategories&post=1947"},{"taxonomy":"post_tag","embeddable":true,"href":"http:\/\/fcsulzberg.at.host24.profi-server.at\/index.php?rest_route=%2Fwp%2Fv2%2Ftags&post=1947"}],"curies":[{"name":"wp","href":"https:\/\/api.w.org\/{rel}","templated":true}]}}