{"id":2021,"date":"2016-06-23T11:22:14","date_gmt":"2016-06-23T09:22:14","guid":{"rendered":"http:\/\/fcsulzberg.at.host24.profi-server.at\/?p=2021"},"modified":"2016-06-23T11:22:14","modified_gmt":"2016-06-23T09:22:14","slug":"sommerfahrplan-km-1b","status":"publish","type":"post","link":"http:\/\/fcsulzberg.at.host24.profi-server.at\/?p=2021","title":{"rendered":"Sommerfahrplan KM \/ 1b"},"content":{"rendered":"<p>Kaum ist die Saison 2015\/2016 zu Ende gegangen, geht es fast schon wieder los f\u00fcr unsere Jungs. Nach 3 1\/2 Wochen Pause startet die Vorbereitung auf Landesliga und 5. Landesklasse 2016\/2017 am Mittwoch den 06. Juli 2016.<\/p>\n<p><!--more--><\/p>\n<p>Unsere beiden Trainer Joachim Baur und Michael Fink bitten die Spieler\u00a0dann wieder auf den gr\u00fcnen Rasen, um sich die n\u00f6tige Fitness f\u00fcr die neue Saison zu erarbeiten. Anbei ein paar Rahmendaten zur bevorstehenden Vorbereitung.<\/p>\n<p><strong>MI 06.07.2016<\/strong> \u00a0 Trainingsauftakt um 19 Uhr<\/p>\n<p><strong>SA 09.07.2016 \u00a0 1. Runde W\u00e4ldercup beim FC Doren um 17 Uhr<\/strong><\/p>\n<p><strong>DI 12.07.2016<\/strong> \u00a02. Runde W\u00e4ldercup um 19 Uhr<\/p>\n<p><strong>SO 17.07.2016<\/strong> \u00a0 Spiel Eins\u00a0gg. FV RW Weiler (16 Uhr) in Sulzberg<\/p>\n<p><strong>SO 17.07.2016<\/strong> \u00a0Spiel 1b gg. FV Weiler 2 (18 Uhr) in Sulzberg<\/p>\n<p><strong>DO 21.07.2016<\/strong> \u00a0 Gipfeltreff des FC Sulzberg<\/p>\n<p><strong>SA 23.07.2016<\/strong> \u00a0 Spiel Eins gg. SV Maierh\u00f6fen (16 Uhr) in Sulzberg<\/p>\n<p><strong>SA 23.07.2016<\/strong> \u00a0 Spiel 1b gg. SV Maierh\u00f6fen 2 (18 Uhr) in Sulzberg<\/p>\n<p><strong>DI 26.07.2016<\/strong> Spiel Eins gg. SV Eglofs (19 Uhr) in Sulzberg<\/p>\n<p><strong>FR 29.07.2016 JHV im Clubheim (20 Uhr<\/strong>)<\/p>\n<p><strong>MO 01.08.2016<\/strong> Spiel Eins gg. RW Langen (19 Uhr) in Sulzberg<\/p>\n<p><strong>SA\/SO 06\/07.08.2016<\/strong> VFV-Cup 1. Runde<\/p>\n<p><strong>SA\/SO 13.\/14.08.2016 Meisterschaftsauftakt\u00a0<\/strong><\/p>\n","protected":false},"excerpt":{"rendered":"<p>Kaum ist die Saison 2015\/2016 zu Ende gegangen, geht es fast schon wieder los f\u00fcr unsere Jungs. Nach 3 1\/2 Wochen Pause startet die Vorbereitung auf Landesliga und 5. Landesklasse 2016\/2017 am Mittwoch den 06. Juli 2016.<\/p>\n","protected":false},"author":6,"featured_media":0,"comment_status":"closed","ping_status":"closed","sticky":false,"template":"","format":"standard","meta":{"spay_email":""},"categories":[1],"tags":[],"aioseo_notices":[],"jetpack_featured_media_url":"","_links":{"self":[{"href":"http:\/\/fcsulzberg.at.host24.profi-server.at\/index.php?rest_route=\/wp\/v2\/posts\/2021"}],"collection":[{"href":"http:\/\/fcsulzberg.at.host24.profi-server.at\/index.php?rest_route=\/wp\/v2\/posts"}],"about":[{"href":"http:\/\/fcsulzberg.at.host24.profi-server.at\/index.php?rest_route=\/wp\/v2\/types\/post"}],"author":[{"embeddable":true,"href":"http:\/\/fcsulzberg.at.host24.profi-server.at\/index.php?rest_route=\/wp\/v2\/users\/6"}],"replies":[{"embeddable":true,"href":"http:\/\/fcsulzberg.at.host24.profi-server.at\/index.php?rest_route=%2Fwp%2Fv2%2Fcomments&post=2021"}],"version-history":[{"count":3,"href":"http:\/\/fcsulzberg.at.host24.profi-server.at\/index.php?rest_route=\/wp\/v2\/posts\/2021\/revisions"}],"predecessor-version":[{"id":2024,"href":"http:\/\/fcsulzberg.at.host24.profi-server.at\/index.php?rest_route=\/wp\/v2\/posts\/2021\/revisions\/2024"}],"wp:attachment":[{"href":"http:\/\/fcsulzberg.at.host24.profi-server.at\/index.php?rest_route=%2Fwp%2Fv2%2Fmedia&parent=2021"}],"wp:term":[{"taxonomy":"category","embeddable":true,"href":"http:\/\/fcsulzberg.at.host24.profi-server.at\/index.php?rest_route=%2Fwp%2Fv2%2Fcategories&post=2021"},{"taxonomy":"post_tag","embeddable":true,"href":"http:\/\/fcsulzberg.at.host24.profi-server.at\/index.php?rest_route=%2Fwp%2Fv2%2Ftags&post=2021"}],"curies":[{"name":"wp","href":"https:\/\/api.w.org\/{rel}","templated":true}]}}