{"id":2049,"date":"2016-07-01T20:25:59","date_gmt":"2016-07-01T18:25:59","guid":{"rendered":"http:\/\/fcsulzberg.at.host24.profi-server.at\/?p=2049"},"modified":"2016-07-04T10:51:44","modified_gmt":"2016-07-04T08:51:44","slug":"todesnachricht","status":"publish","type":"post","link":"http:\/\/fcsulzberg.at.host24.profi-server.at\/?p=2049","title":{"rendered":"Todesnachricht"},"content":{"rendered":"<p>Der FC Sulzberg trauert um sein Gr\u00fcndungs- und Ehrenmitglied Gerhard Huber. Gerhard war einer jener 16 jungen M\u00e4nner, die am 16. Dezember 1951 unseren Verein gegr\u00fcndet haben.<!--more--> Zeitlebens war er dem FC Sulzberg eng verbunden und erf\u00fcllte viele Jahre umsichtig und verantwortungsvoll die Funktion des Vereinskassiers!<br \/>\nUnsere Gedanken und W\u00fcnsche sind bei seiner Familie!!<br \/>\nDer FC Sulzberg wird Gerhard immer ein ehrendes Andenken bewahren!<br \/>\nDie Mitglieder des FC Sulzberg treffen sich zum Trauergottesdienst am Dienstag, den <a href=\"tel:05.07.2016\">05.07.2016<\/a> um 9.30 Uhr bei der Pfarrkirche Sulzberg!<\/p>\n<p><a href=\"http:\/\/fcsulzberg.at.host24.profi-server.at\/wp-content\/uploads\/2016\/07\/gerhard-huber-Trauer_web.jpg\" data-rel=\"lightbox-image-0\" data-rl_title=\"\" data-rl_caption=\"\" title=\"\"><img loading=\"lazy\" class=\"alignleft size-medium wp-image-2050\" src=\"http:\/\/fcsulzberg.at.host24.profi-server.at\/wp-content\/uploads\/2016\/07\/gerhard-huber-Trauer_web-227x300.jpg\" alt=\"gerhard-huber-Trauer_web\" width=\"227\" height=\"300\" srcset=\"http:\/\/fcsulzberg.at.host24.profi-server.at\/wp-content\/uploads\/2016\/07\/gerhard-huber-Trauer_web-227x300.jpg 227w, http:\/\/fcsulzberg.at.host24.profi-server.at\/wp-content\/uploads\/2016\/07\/gerhard-huber-Trauer_web-500x660.jpg 500w, http:\/\/fcsulzberg.at.host24.profi-server.at\/wp-content\/uploads\/2016\/07\/gerhard-huber-Trauer_web.jpg 536w\" sizes=\"(max-width: 227px) 100vw, 227px\" \/><\/a><\/p>\n","protected":false},"excerpt":{"rendered":"<p>Der FC Sulzberg trauert um sein Gr\u00fcndungs- und Ehrenmitglied Gerhard Huber. Gerhard war einer jener 16 jungen M\u00e4nner, die am 16. Dezember 1951 unseren Verein gegr\u00fcndet haben.<\/p>\n","protected":false},"author":1,"featured_media":0,"comment_status":"closed","ping_status":"closed","sticky":false,"template":"","format":"standard","meta":{"spay_email":""},"categories":[1],"tags":[],"aioseo_notices":[],"jetpack_featured_media_url":"","_links":{"self":[{"href":"http:\/\/fcsulzberg.at.host24.profi-server.at\/index.php?rest_route=\/wp\/v2\/posts\/2049"}],"collection":[{"href":"http:\/\/fcsulzberg.at.host24.profi-server.at\/index.php?rest_route=\/wp\/v2\/posts"}],"about":[{"href":"http:\/\/fcsulzberg.at.host24.profi-server.at\/index.php?rest_route=\/wp\/v2\/types\/post"}],"author":[{"embeddable":true,"href":"http:\/\/fcsulzberg.at.host24.profi-server.at\/index.php?rest_route=\/wp\/v2\/users\/1"}],"replies":[{"embeddable":true,"href":"http:\/\/fcsulzberg.at.host24.profi-server.at\/index.php?rest_route=%2Fwp%2Fv2%2Fcomments&post=2049"}],"version-history":[{"count":2,"href":"http:\/\/fcsulzberg.at.host24.profi-server.at\/index.php?rest_route=\/wp\/v2\/posts\/2049\/revisions"}],"predecessor-version":[{"id":2052,"href":"http:\/\/fcsulzberg.at.host24.profi-server.at\/index.php?rest_route=\/wp\/v2\/posts\/2049\/revisions\/2052"}],"wp:attachment":[{"href":"http:\/\/fcsulzberg.at.host24.profi-server.at\/index.php?rest_route=%2Fwp%2Fv2%2Fmedia&parent=2049"}],"wp:term":[{"taxonomy":"category","embeddable":true,"href":"http:\/\/fcsulzberg.at.host24.profi-server.at\/index.php?rest_route=%2Fwp%2Fv2%2Fcategories&post=2049"},{"taxonomy":"post_tag","embeddable":true,"href":"http:\/\/fcsulzberg.at.host24.profi-server.at\/index.php?rest_route=%2Fwp%2Fv2%2Ftags&post=2049"}],"curies":[{"name":"wp","href":"https:\/\/api.w.org\/{rel}","templated":true}]}}