{"id":2053,"date":"2016-07-08T08:41:43","date_gmt":"2016-07-08T06:41:43","guid":{"rendered":"http:\/\/fcsulzberg.at.host24.profi-server.at\/?p=2053"},"modified":"2016-07-08T11:17:08","modified_gmt":"2016-07-08T09:17:08","slug":"trainingsauftakt-der-kampfmannschaften","status":"publish","type":"post","link":"http:\/\/fcsulzberg.at.host24.profi-server.at\/?p=2053","title":{"rendered":"Trainingsauftakt Saison 2016\/17"},"content":{"rendered":"<p>Mit ca. 40 Mann startete am Mittwoch die neue Saison der beiden Kampfmannschaften rund um die Trainer Michael Fink (1b) und Joachim Baur (1). \u00a0Mit dabei sind auch neue Gesichter die den FCS <!--more-->verst\u00e4rken werden. Mit Simon Schroll, Michael Schm\u00e4hl und Michael Schmid verzeichnet die erste Mannschaft 3 Neuzug\u00e4nge. Ebenfalls dazu kommt Eigengew\u00e4chs Tobias V\u00f6gel, der vom 1b hochgezogen wird.<\/p>\n<p>Sandro Delfauro wird auf Grund seiner Knieverletzung erst im Fr\u00fchjahr\u00a0wieder spielen k\u00f6nnen. Erfreulicherweise kann Baldauf Richi nach seiner Schulterverletzung schon wieder teilweise am Training teilnehmen.<\/p>\n<p>Auch im 1b gibt es Verst\u00e4rkung. Mit Sandro H\u00f6fle kommt ebenfalls ein neuer Mann aus unserer eigenen Jugend zum Team dazu. Neu im Team ist auch Philipp Huber, der bekanntlicherweise im &#8222;1&#8220; die Schuhe an den Nagel geh\u00e4ngt hat und nun im 1b \u00a0auf Torejagt geht. Dazu kommt noch Niklas Alber, der nach mehrj\u00e4hriger Fu\u00dfballpause wieder auf den Geschmack gekommen ist und seine verstaubten Fu\u00dfballschuhe wieder auf hochglanz poliert hat!<\/p>\n<p>Wir w\u00fcnschen allen &#8222;neuen&#8220; Spielern viel Freude und eine verletzungsfreie, erfolgreiche Zeit in Sulzberg.<\/p>\n<p>[Best_Wordpress_Gallery id=&#8220;16&#8243; gal_title=&#8220;Trainingsauftakt&#8220;]<\/p>\n","protected":false},"excerpt":{"rendered":"<p>Mit ca. 40 Mann startete am Mittwoch die neue Saison der beiden Kampfmannschaften rund um die Trainer Michael Fink (1b) und Joachim Baur (1). \u00a0Mit dabei sind auch neue Gesichter die den FCS<\/p>\n","protected":false},"author":1,"featured_media":0,"comment_status":"closed","ping_status":"closed","sticky":false,"template":"","format":"standard","meta":{"spay_email":""},"categories":[1],"tags":[],"aioseo_notices":[],"jetpack_featured_media_url":"","_links":{"self":[{"href":"http:\/\/fcsulzberg.at.host24.profi-server.at\/index.php?rest_route=\/wp\/v2\/posts\/2053"}],"collection":[{"href":"http:\/\/fcsulzberg.at.host24.profi-server.at\/index.php?rest_route=\/wp\/v2\/posts"}],"about":[{"href":"http:\/\/fcsulzberg.at.host24.profi-server.at\/index.php?rest_route=\/wp\/v2\/types\/post"}],"author":[{"embeddable":true,"href":"http:\/\/fcsulzberg.at.host24.profi-server.at\/index.php?rest_route=\/wp\/v2\/users\/1"}],"replies":[{"embeddable":true,"href":"http:\/\/fcsulzberg.at.host24.profi-server.at\/index.php?rest_route=%2Fwp%2Fv2%2Fcomments&post=2053"}],"version-history":[{"count":11,"href":"http:\/\/fcsulzberg.at.host24.profi-server.at\/index.php?rest_route=\/wp\/v2\/posts\/2053\/revisions"}],"predecessor-version":[{"id":2066,"href":"http:\/\/fcsulzberg.at.host24.profi-server.at\/index.php?rest_route=\/wp\/v2\/posts\/2053\/revisions\/2066"}],"wp:attachment":[{"href":"http:\/\/fcsulzberg.at.host24.profi-server.at\/index.php?rest_route=%2Fwp%2Fv2%2Fmedia&parent=2053"}],"wp:term":[{"taxonomy":"category","embeddable":true,"href":"http:\/\/fcsulzberg.at.host24.profi-server.at\/index.php?rest_route=%2Fwp%2Fv2%2Fcategories&post=2053"},{"taxonomy":"post_tag","embeddable":true,"href":"http:\/\/fcsulzberg.at.host24.profi-server.at\/index.php?rest_route=%2Fwp%2Fv2%2Ftags&post=2053"}],"curies":[{"name":"wp","href":"https:\/\/api.w.org\/{rel}","templated":true}]}}