{"id":2255,"date":"2016-08-10T14:07:29","date_gmt":"2016-08-10T12:07:29","guid":{"rendered":"http:\/\/fcsulzberg.at.host24.profi-server.at\/?p=2255"},"modified":"2016-08-10T14:08:56","modified_gmt":"2016-08-10T12:08:56","slug":"saisonauftakt-im-alpenstadion","status":"publish","type":"post","link":"http:\/\/fcsulzberg.at.host24.profi-server.at\/?p=2255","title":{"rendered":"Saisonauftakt im Alpenstadion"},"content":{"rendered":"<p>Endlich ist es wieder soweit, am kommenden Sonntag startet\u00a0unser Eins\u00a0und\u00a01b in\u00a0die neue Saison 2016\/2017!<\/p>\n<p><!--more--><\/p>\n<p>Nach dem Aufstieg in der letzten Saison in die Landesliga und einer gut 5-w\u00f6chigen Vorbereitung mit etlichen Testspielen, geht es f\u00fcr die Jungs um Trainer Jockel Baur in einer neuen Liga an den Start. Mit dabei sind auch unsere 3 Neuzug\u00e4nge Michael Schm\u00e4hl, Simon Schroll und Michael Schmid, die in der Vorbereitung bereits gezeigt haben, dass sie\u00a0unseren Kader definitiv verst\u00e4rken werden. Leider gibt es auch 2 verletzungsbedingte Ausf\u00e4lle zu beklagen, wie bereits berichtet fehlen Richard Baldauf (Kreuzband-und Innenbandri\u00df) und David Heidegger (Bruch der Speiche im linken Arm). Auch Torj\u00e4ger Alex Fink kann urlaubsbedingt nicht mit von der Partie sein.<\/p>\n<p>Zu Gast im Alpenstadion zum Auftakt der Meisterschaft ist der BW Feldkirch. Die Mannschaft von Trainer Ingo Hagspiel beendete die vergangene Saison mit 30 Punkten auf einem 10. Tabellenplatz. Die\u00a03 Abg\u00e4nge Brotzge, G\u00f6ttfried und Moosbrugger wurden durch\u00a05 Neuzug\u00e4nge kompensiert. Stefan Plut, David Sarc, Patrick Stemer, Medrado Bispo Davi und Nikola Pupovac sind neu im Kader der Montfortst\u00e4dter. Als Ziel wurde die &#8222;obere Ligah\u00e4lfte&#8220; ausgegeben, mit Sicherheit ein interessanter\u00a0und schwerer Gegner zum Auftakt.<\/p>\n<p>Unser 1b um Spielertrainer Michael Fink trifft auf den SC Tisis 1b. Die Tisner kamen letzte Saison in der 5. LK Mitte auf 21 Punkte, was den 7. Tabellenrang bedeutete. Neu im Kader auf Sulzberger Seite sind Niklas Alber, Sandro H\u00f6fle und Philipp Huber. Man darf gespannt sein, ob unsere Jungs an die tolle R\u00fcckrunde anschlie\u00dfen k\u00f6nnen und wieder bis zum Schlu\u00df der Saison ganz oben mitspielen.<\/p>\n<p>Im Rahmen des 1. Spieltages werden wir zwischen den Spielen des 1b und dem Eins unsere neuen Trikots pr\u00e4sentieren, ebenso wird es eine kurze Vorstellung unserer Dress-Sponsoren geben. Hier vorab schonmal ein Dankesch\u00f6n an<\/p>\n<p><em><strong>Fliesen Heim<\/strong><\/em><\/p>\n<p><em><strong>Fa. Auttec Geb\u00e4udeautomation<\/strong><\/em><\/p>\n<p><em><strong>Raiffeisenbank Weissachtal<\/strong><\/em><\/p>\n<p><em><strong>Fohrenburger Bier<\/strong><\/em><\/p>\n<p><em><strong>Intersport Haisermann<\/strong><\/em><\/p>\n<p>&nbsp;<\/p>\n<p><strong>Zeitplan f\u00fcr Sonntag:<\/strong><\/p>\n<p><strong>14.45 Uhr Fliesen Heim FC Sulzberg 1b &#8211; SC Tisis 1b<\/strong><\/p>\n<p><strong>dazwischen Dress und Sponsoren-Pr\u00e4sentation<\/strong><\/p>\n<p><strong>17.00 Uhr Fliesen Heim FC Sulzberg &#8211; BW Feldkirch<\/strong><\/p>\n<p>&nbsp;<\/p>\n<p>&nbsp;<\/p>\n","protected":false},"excerpt":{"rendered":"<p>Endlich ist es wieder soweit, am kommenden Sonntag startet\u00a0unser Eins\u00a0und\u00a01b in\u00a0die neue Saison 2016\/2017!<\/p>\n","protected":false},"author":6,"featured_media":0,"comment_status":"closed","ping_status":"closed","sticky":false,"template":"","format":"standard","meta":{"spay_email":""},"categories":[1],"tags":[],"aioseo_notices":[],"jetpack_featured_media_url":"","_links":{"self":[{"href":"http:\/\/fcsulzberg.at.host24.profi-server.at\/index.php?rest_route=\/wp\/v2\/posts\/2255"}],"collection":[{"href":"http:\/\/fcsulzberg.at.host24.profi-server.at\/index.php?rest_route=\/wp\/v2\/posts"}],"about":[{"href":"http:\/\/fcsulzberg.at.host24.profi-server.at\/index.php?rest_route=\/wp\/v2\/types\/post"}],"author":[{"embeddable":true,"href":"http:\/\/fcsulzberg.at.host24.profi-server.at\/index.php?rest_route=\/wp\/v2\/users\/6"}],"replies":[{"embeddable":true,"href":"http:\/\/fcsulzberg.at.host24.profi-server.at\/index.php?rest_route=%2Fwp%2Fv2%2Fcomments&post=2255"}],"version-history":[{"count":5,"href":"http:\/\/fcsulzberg.at.host24.profi-server.at\/index.php?rest_route=\/wp\/v2\/posts\/2255\/revisions"}],"predecessor-version":[{"id":2260,"href":"http:\/\/fcsulzberg.at.host24.profi-server.at\/index.php?rest_route=\/wp\/v2\/posts\/2255\/revisions\/2260"}],"wp:attachment":[{"href":"http:\/\/fcsulzberg.at.host24.profi-server.at\/index.php?rest_route=%2Fwp%2Fv2%2Fmedia&parent=2255"}],"wp:term":[{"taxonomy":"category","embeddable":true,"href":"http:\/\/fcsulzberg.at.host24.profi-server.at\/index.php?rest_route=%2Fwp%2Fv2%2Fcategories&post=2255"},{"taxonomy":"post_tag","embeddable":true,"href":"http:\/\/fcsulzberg.at.host24.profi-server.at\/index.php?rest_route=%2Fwp%2Fv2%2Ftags&post=2255"}],"curies":[{"name":"wp","href":"https:\/\/api.w.org\/{rel}","templated":true}]}}