{"id":2412,"date":"2016-08-18T13:32:57","date_gmt":"2016-08-18T11:32:57","guid":{"rendered":"http:\/\/fcsulzberg.at.host24.profi-server.at\/?p=2412"},"modified":"2016-08-18T13:38:24","modified_gmt":"2016-08-18T11:38:24","slug":"pokal-aus-im-elferschiessen","status":"publish","type":"post","link":"http:\/\/fcsulzberg.at.host24.profi-server.at\/?p=2412","title":{"rendered":"Pokal-Aus im Elferschie\u00dfen"},"content":{"rendered":"<p>In der 2. Runde des VFV-Cups empfing unsere Mannschaft gestern Abend den FC Alberschwende.<\/p>\n<p><!--more--><\/p>\n<p>In einer sehr ansehnlichen Partie war es anfangs ein Spiel auf Augenh\u00f6he mit wenigen Torchancen. So ging es mit einem gerechten 0-0 in die Pause. In der zweiten H\u00e4lfte waren zun\u00e4chst unsere G\u00e4ste aus Alberschwende am Dr\u00fccker und vergaben die ein oder andere hochkar\u00e4tige M\u00f6glichkeit. Umso l\u00e4nger das Spiel dauerte, desto mehr bekam unsere Mannschaft die Partie in den Griff und erspielte sich ihrerseits einige gute Chancen. So kam es aber, dass es nach 90. Minuten immer noch 0-0 stand und es direkt ins Elferschie\u00dfen ging. Leider zogen wir hier den k\u00fcrzeren und somit ging Alberschwende mit einem 4-3 Sieg vom Platz.<\/p>\n<p>Nichtsdestotrotz war es eine sehr ordentliche Leistung von Kapit\u00e4n Feurle und Co. Wenn man in den kommenden Partien an diese Leistung ankn\u00fcpfen kann, sollte einem ersten Dreier nichts im Wege stehen.<\/p>\n<p><strong>Aufstellung:<\/strong>\u00a0T Michael Schm\u00e4hl, 8 Dominik Giselbrecht, 9 Stefan Eienbach, 10 Manuel Sohler, 13 Michael Schmid, 5 Simon Schroll, 15 Cornelius Blank, 17 Manuel M\u00f6\u00df, 19 Roman Hurka, 22 Michael Feurle (K), 23 Johannes Sinz<\/p>\n<p><strong>Ersatzbank:<\/strong>\u00a0ET Fabian Baur, 2 Alexander Epp, 14 Yannick Alber, 7 Fabian Giselbrecht<\/p>\n<p><strong>Auswechslungen:<\/strong>\u00a0HZ.: Alexander Epp f\u00fcr Simon Schroll, 68.: Fabian Giselbrecht f\u00fcr Johannes Sinz, 71.: Yannick Alber f\u00fcr Michael Feurle<\/p>\n<p><strong>Tore:<\/strong>\u00a00:0 (0:0)<\/p>\n<p><strong>Gelbe Karten:\u00a0<\/strong>24.:\u00a0<a class=\"spielerDetail\" href=\"http:\/\/www.fussballoesterreich.at\/netzwerk\/spielerdetails\/3\/670725461856634215_100094~1170555885652621243~0.htm\">Stefan Eienbach<\/a>\u00a0(Foul)<\/p>\n<p><strong>Zuschauer:<\/strong>\u00a0300 \/\u00a0<strong>Schiedsrichter:<\/strong>\u00a0Alexander Muxel<\/p>\n","protected":false},"excerpt":{"rendered":"<p>In der 2. Runde des VFV-Cups empfing unsere Mannschaft gestern Abend den FC Alberschwende.<\/p>\n","protected":false},"author":6,"featured_media":0,"comment_status":"closed","ping_status":"closed","sticky":false,"template":"","format":"standard","meta":{"spay_email":""},"categories":[1],"tags":[],"aioseo_notices":[],"jetpack_featured_media_url":"","_links":{"self":[{"href":"http:\/\/fcsulzberg.at.host24.profi-server.at\/index.php?rest_route=\/wp\/v2\/posts\/2412"}],"collection":[{"href":"http:\/\/fcsulzberg.at.host24.profi-server.at\/index.php?rest_route=\/wp\/v2\/posts"}],"about":[{"href":"http:\/\/fcsulzberg.at.host24.profi-server.at\/index.php?rest_route=\/wp\/v2\/types\/post"}],"author":[{"embeddable":true,"href":"http:\/\/fcsulzberg.at.host24.profi-server.at\/index.php?rest_route=\/wp\/v2\/users\/6"}],"replies":[{"embeddable":true,"href":"http:\/\/fcsulzberg.at.host24.profi-server.at\/index.php?rest_route=%2Fwp%2Fv2%2Fcomments&post=2412"}],"version-history":[{"count":3,"href":"http:\/\/fcsulzberg.at.host24.profi-server.at\/index.php?rest_route=\/wp\/v2\/posts\/2412\/revisions"}],"predecessor-version":[{"id":2415,"href":"http:\/\/fcsulzberg.at.host24.profi-server.at\/index.php?rest_route=\/wp\/v2\/posts\/2412\/revisions\/2415"}],"wp:attachment":[{"href":"http:\/\/fcsulzberg.at.host24.profi-server.at\/index.php?rest_route=%2Fwp%2Fv2%2Fmedia&parent=2412"}],"wp:term":[{"taxonomy":"category","embeddable":true,"href":"http:\/\/fcsulzberg.at.host24.profi-server.at\/index.php?rest_route=%2Fwp%2Fv2%2Fcategories&post=2412"},{"taxonomy":"post_tag","embeddable":true,"href":"http:\/\/fcsulzberg.at.host24.profi-server.at\/index.php?rest_route=%2Fwp%2Fv2%2Ftags&post=2412"}],"curies":[{"name":"wp","href":"https:\/\/api.w.org\/{rel}","templated":true}]}}