{"id":3496,"date":"2017-01-11T09:57:03","date_gmt":"2017-01-11T08:57:03","guid":{"rendered":"http:\/\/fcsulzberg.at.host24.profi-server.at\/?p=3496"},"modified":"2017-01-17T08:14:18","modified_gmt":"2017-01-17T07:14:18","slug":"winterneuzugang-martin-sinz","status":"publish","type":"post","link":"http:\/\/fcsulzberg.at.host24.profi-server.at\/?p=3496","title":{"rendered":"Winterneuzugang Martin Sinz"},"content":{"rendered":"<p>Bereits beim Hallenmasters in Wolfurt war es m\u00f6glich,\u00a0unserem Winterneuzugang Martin Sinz (26) auf die F\u00fc\u00dfe\u00a0zu schauen. Der Offensive Mittelfeldspieler schn\u00fcrte seine Fu\u00dfballschuhe\u00a0in der vergangenen\u00a0Saison 2015\/16<!--more--> f\u00fcr den\u00a0FC H\u00f6rbranz (17 Treffer) und musste berufsbedingt im Herbst eine Pause einlegen. Wir sind sehr froh, dass sich Martin dazu entschlossen hat, im Fr\u00fchjahr unsere Offensive zu verst\u00e4rken und hei\u00dfen ihn beim Fliesen Heim FC Sulzberg\u00a0\u00a0&#8220; Herzlich Willkommen&#8220; !<\/p>\n<p><a href=\"http:\/\/fcsulzberg.at.host24.profi-server.at\/wp-content\/uploads\/2017\/01\/Martin_Sinz.jpg\" data-rel=\"lightbox-image-0\" data-rl_title=\"\" data-rl_caption=\"\" title=\"\"><img loading=\"lazy\" class=\"alignnone size-medium wp-image-3497\" src=\"http:\/\/fcsulzberg.at.host24.profi-server.at\/wp-content\/uploads\/2017\/01\/Martin_Sinz-225x300.jpg\" alt=\"\" width=\"225\" height=\"300\" srcset=\"http:\/\/fcsulzberg.at.host24.profi-server.at\/wp-content\/uploads\/2017\/01\/Martin_Sinz-225x300.jpg 225w, http:\/\/fcsulzberg.at.host24.profi-server.at\/wp-content\/uploads\/2017\/01\/Martin_Sinz-768x1024.jpg 768w, http:\/\/fcsulzberg.at.host24.profi-server.at\/wp-content\/uploads\/2017\/01\/Martin_Sinz-500x667.jpg 500w, http:\/\/fcsulzberg.at.host24.profi-server.at\/wp-content\/uploads\/2017\/01\/Martin_Sinz.jpg 1200w\" sizes=\"(max-width: 225px) 100vw, 225px\" \/><\/a><\/p>\n","protected":false},"excerpt":{"rendered":"<p>Bereits beim Hallenmasters in Wolfurt war es m\u00f6glich,\u00a0unserem Winterneuzugang Martin Sinz (26) auf die F\u00fc\u00dfe\u00a0zu schauen. Der Offensive Mittelfeldspieler schn\u00fcrte seine Fu\u00dfballschuhe\u00a0in der vergangenen\u00a0Saison 2015\/16<\/p>\n","protected":false},"author":6,"featured_media":0,"comment_status":"open","ping_status":"closed","sticky":false,"template":"","format":"standard","meta":{"spay_email":""},"categories":[1],"tags":[],"aioseo_notices":[],"jetpack_featured_media_url":"","_links":{"self":[{"href":"http:\/\/fcsulzberg.at.host24.profi-server.at\/index.php?rest_route=\/wp\/v2\/posts\/3496"}],"collection":[{"href":"http:\/\/fcsulzberg.at.host24.profi-server.at\/index.php?rest_route=\/wp\/v2\/posts"}],"about":[{"href":"http:\/\/fcsulzberg.at.host24.profi-server.at\/index.php?rest_route=\/wp\/v2\/types\/post"}],"author":[{"embeddable":true,"href":"http:\/\/fcsulzberg.at.host24.profi-server.at\/index.php?rest_route=\/wp\/v2\/users\/6"}],"replies":[{"embeddable":true,"href":"http:\/\/fcsulzberg.at.host24.profi-server.at\/index.php?rest_route=%2Fwp%2Fv2%2Fcomments&post=3496"}],"version-history":[{"count":2,"href":"http:\/\/fcsulzberg.at.host24.profi-server.at\/index.php?rest_route=\/wp\/v2\/posts\/3496\/revisions"}],"predecessor-version":[{"id":3500,"href":"http:\/\/fcsulzberg.at.host24.profi-server.at\/index.php?rest_route=\/wp\/v2\/posts\/3496\/revisions\/3500"}],"wp:attachment":[{"href":"http:\/\/fcsulzberg.at.host24.profi-server.at\/index.php?rest_route=%2Fwp%2Fv2%2Fmedia&parent=3496"}],"wp:term":[{"taxonomy":"category","embeddable":true,"href":"http:\/\/fcsulzberg.at.host24.profi-server.at\/index.php?rest_route=%2Fwp%2Fv2%2Fcategories&post=3496"},{"taxonomy":"post_tag","embeddable":true,"href":"http:\/\/fcsulzberg.at.host24.profi-server.at\/index.php?rest_route=%2Fwp%2Fv2%2Ftags&post=3496"}],"curies":[{"name":"wp","href":"https:\/\/api.w.org\/{rel}","templated":true}]}}