{"id":3520,"date":"2017-01-24T09:40:20","date_gmt":"2017-01-24T08:40:20","guid":{"rendered":"http:\/\/fcsulzberg.at.host24.profi-server.at\/?p=3520"},"modified":"2017-01-24T10:03:50","modified_gmt":"2017-01-24T09:03:50","slug":"winterfahrplan-eins-und-1b","status":"publish","type":"post","link":"http:\/\/fcsulzberg.at.host24.profi-server.at\/?p=3520","title":{"rendered":"Winterfahrplan Eins und 1b"},"content":{"rendered":"<p>Die lange Winterpause neigt sich langsam dem Ende entgegen, somit wird es auch wieder ernst f\u00fcr unsere beiden Kampfmannschaften. Bis zum Meisterschaftsstart am 25. M\u00e4rz 2017 stehen knapp 6 Wochen harte Vorbereitungsphase an, hierbei bestreiten unsere Jungs auch wieder einige Vorbereitungsspiele.<\/p>\n<p><!--more--><\/p>\n<p>Der Kader bei beiden Teams hat sich auch ein wenig ver\u00e4ndert, wie schon berichtet st\u00f6\u00dft Martin Sinz vom FC H\u00f6rbranz zu uns.\u00a0Es wird\u00a0hoffentlich auch der ein oder andere Langzeitverletzte wieder in die Mannschaft zur\u00fcckkehren. Sandro Delfauro nach Kreuzbandriss war schon beim Hallenmasters im Einsatz, Cornelius Blank nach Meniskus-OP, Michael Feurle ebenfalls Meniskus-OP sind fix eingeplant. Abwarten muss man noch bei Richard Baldauf (Kreuzbandriss), Dominik Giselbrecht (Kreuzbandriss) und Michael Schm\u00e4hl (Krankheit). Nicht mehr dabei sind Robert Baur, der nun endg\u00fcltig seine Fu\u00dfballschuhe an den Nagel h\u00e4ngt und Simon Schroll verletzungsbedingt, nach dem dritten Kreuzbandriss. Hier nochmals ein gro\u00dfes Dankesch\u00f6n an die beiden und alles Gute\u00a0weiterhin! Beim 1b gibt es auch ein neues Gesicht, Daniel Z\u00f6llner wird unsere junge Truppe in der 5.Lk unterst\u00fctzen.<\/p>\n<p>Anbei ein kurzer Termin\u00fcberblick:<\/p>\n<p><strong>Di, 14.02.2017<\/strong> \u00a0 \u00a0\u00a0Trainingsstart in Maierh\u00f6fen (19 Uhr)<\/p>\n<p><strong>Sa, 18.02.2017<\/strong> \u00a0 \u00a0 VS Eins und 1b beim <strong>SV Eglofs<\/strong> (ab 11 Uhr)<\/p>\n<p><strong>Mi, 22.02.2017<\/strong> \u00a0 \u00a0VS 1b gegen <strong>Opfenbach<\/strong> in Schlachters (20.30 Uhr)<\/p>\n<p><strong>So, 26.02.2017<\/strong> \u00a0 \u00a0 VS Eins beim <strong>FV Weiler<\/strong> (14 Uhr)<\/p>\n<p><strong>Mi, 01.03.2017<\/strong> \u00a0 \u00a0 VS Eins gegen <strong>SV Beuren<\/strong> in Isny (19 Uhr)<\/p>\n<p><strong>Sa, 04.03.2017<\/strong> \u00a0 \u00a0 \u00a0VS Eins beim <strong>FC Andelsbuch<\/strong> (15 Uhr)<\/p>\n<p><strong>Sa, 04.03.2017<\/strong> \u00a0 \u00a0 VS 1b beim <strong>FC Hittisau 1b<\/strong> (16 Uhr)<\/p>\n<p><strong>Mi, 08.03 &#8211; So, 12.03.2017<\/strong> \u00a0 \u00a0 <strong>Trainingslager in Villafranca<\/strong><\/p>\n<p><strong>Di, 14.03.2017<\/strong> \u00a0 \u00a0 VS Eins beim <strong>FC Immenstadt<\/strong> (19 Uhr)<\/p>\n<p><strong>Sa, 18.03.2017<\/strong> \u00a0 \u00a0 VS Eins beim <strong>FC H\u00f6rbranz<\/strong> (Zeit noch offen)<\/p>\n<p><strong>Sa\/So, 25.\/26.03. 2017 \u00a0 \u00a0 Meisterschaftsstart<\/strong><\/p>\n<p>Wir w\u00fcnschen unseren Jungs eine gute und verletzungsfreie Vorbereitung!!!<\/p>\n","protected":false},"excerpt":{"rendered":"<p>Die lange Winterpause neigt sich langsam dem Ende entgegen, somit wird es auch wieder ernst f\u00fcr unsere beiden Kampfmannschaften. Bis zum Meisterschaftsstart am 25. M\u00e4rz 2017 stehen knapp 6 Wochen harte Vorbereitungsphase an, hierbei bestreiten unsere Jungs auch wieder einige Vorbereitungsspiele.<\/p>\n","protected":false},"author":6,"featured_media":0,"comment_status":"open","ping_status":"closed","sticky":false,"template":"","format":"standard","meta":{"spay_email":""},"categories":[1],"tags":[],"aioseo_notices":[],"jetpack_featured_media_url":"","_links":{"self":[{"href":"http:\/\/fcsulzberg.at.host24.profi-server.at\/index.php?rest_route=\/wp\/v2\/posts\/3520"}],"collection":[{"href":"http:\/\/fcsulzberg.at.host24.profi-server.at\/index.php?rest_route=\/wp\/v2\/posts"}],"about":[{"href":"http:\/\/fcsulzberg.at.host24.profi-server.at\/index.php?rest_route=\/wp\/v2\/types\/post"}],"author":[{"embeddable":true,"href":"http:\/\/fcsulzberg.at.host24.profi-server.at\/index.php?rest_route=\/wp\/v2\/users\/6"}],"replies":[{"embeddable":true,"href":"http:\/\/fcsulzberg.at.host24.profi-server.at\/index.php?rest_route=%2Fwp%2Fv2%2Fcomments&post=3520"}],"version-history":[{"count":10,"href":"http:\/\/fcsulzberg.at.host24.profi-server.at\/index.php?rest_route=\/wp\/v2\/posts\/3520\/revisions"}],"predecessor-version":[{"id":3533,"href":"http:\/\/fcsulzberg.at.host24.profi-server.at\/index.php?rest_route=\/wp\/v2\/posts\/3520\/revisions\/3533"}],"wp:attachment":[{"href":"http:\/\/fcsulzberg.at.host24.profi-server.at\/index.php?rest_route=%2Fwp%2Fv2%2Fmedia&parent=3520"}],"wp:term":[{"taxonomy":"category","embeddable":true,"href":"http:\/\/fcsulzberg.at.host24.profi-server.at\/index.php?rest_route=%2Fwp%2Fv2%2Fcategories&post=3520"},{"taxonomy":"post_tag","embeddable":true,"href":"http:\/\/fcsulzberg.at.host24.profi-server.at\/index.php?rest_route=%2Fwp%2Fv2%2Ftags&post=3520"}],"curies":[{"name":"wp","href":"https:\/\/api.w.org\/{rel}","templated":true}]}}