{"id":3945,"date":"2017-03-22T09:41:07","date_gmt":"2017-03-22T08:41:07","guid":{"rendered":"http:\/\/fcsulzberg.at.host24.profi-server.at\/?p=3945"},"modified":"2017-03-22T10:33:56","modified_gmt":"2017-03-22T09:33:56","slug":"kurzinterview-mit-joachim-baur","status":"publish","type":"post","link":"http:\/\/fcsulzberg.at.host24.profi-server.at\/?p=3945","title":{"rendered":"J. Baur &amp; D. Giselbrecht im Interview"},"content":{"rendered":"<p>Am kommenden Wochenende startet die <strong>Fr\u00fchjahrssaison 2017<\/strong>. Im Zuge dessen haben wir unseren <strong>Trainer Joachim Baur<\/strong>\u00a0und den derzeit noch verletzten <strong>Dominik Giselbrecht<\/strong> zu einem kurzen Interview gebeten, um uns einen kleinen Einblick in die Vorbereitung und einen Ausblick in die R\u00fcckrunde zu geben.<\/p>\n<p><!--more--><\/p>\n<p><a href=\"http:\/\/fcsulzberg.at.host24.profi-server.at\/wp-content\/uploads\/2016\/08\/FCS-Sulzberg-2016-2017-017-e1471334076589.jpg\" data-rel=\"lightbox-image-0\" data-rl_title=\"\" data-rl_caption=\"\" title=\"\"><img loading=\"lazy\" class=\"alignnone  wp-image-2352\" src=\"http:\/\/fcsulzberg.at.host24.profi-server.at\/wp-content\/uploads\/2016\/08\/FCS-Sulzberg-2016-2017-017-e1471334076589-292x300.jpg\" alt=\"\" width=\"219\" height=\"225\" srcset=\"http:\/\/fcsulzberg.at.host24.profi-server.at\/wp-content\/uploads\/2016\/08\/FCS-Sulzberg-2016-2017-017-e1471334076589-292x300.jpg 292w, http:\/\/fcsulzberg.at.host24.profi-server.at\/wp-content\/uploads\/2016\/08\/FCS-Sulzberg-2016-2017-017-e1471334076589-768x790.jpg 768w, http:\/\/fcsulzberg.at.host24.profi-server.at\/wp-content\/uploads\/2016\/08\/FCS-Sulzberg-2016-2017-017-e1471334076589-995x1024.jpg 995w, http:\/\/fcsulzberg.at.host24.profi-server.at\/wp-content\/uploads\/2016\/08\/FCS-Sulzberg-2016-2017-017-e1471334076589-500x514.jpg 500w\" sizes=\"(max-width: 219px) 100vw, 219px\" \/><\/a><a href=\"http:\/\/fcsulzberg.at.host24.profi-server.at\/wp-content\/uploads\/2016\/08\/FCS_Teams16-17_035-e1471590857233.jpg\" data-rel=\"lightbox-image-1\" data-rl_title=\"\" data-rl_caption=\"\" title=\"\"><img loading=\"lazy\" class=\"alignnone  wp-image-2473\" src=\"http:\/\/fcsulzberg.at.host24.profi-server.at\/wp-content\/uploads\/2016\/08\/FCS_Teams16-17_035-e1471590857233-275x300.jpg\" alt=\"\" width=\"204\" height=\"223\" srcset=\"http:\/\/fcsulzberg.at.host24.profi-server.at\/wp-content\/uploads\/2016\/08\/FCS_Teams16-17_035-e1471590857233-275x300.jpg 275w, http:\/\/fcsulzberg.at.host24.profi-server.at\/wp-content\/uploads\/2016\/08\/FCS_Teams16-17_035-e1471590857233-768x837.jpg 768w, http:\/\/fcsulzberg.at.host24.profi-server.at\/wp-content\/uploads\/2016\/08\/FCS_Teams16-17_035-e1471590857233-939x1024.jpg 939w, http:\/\/fcsulzberg.at.host24.profi-server.at\/wp-content\/uploads\/2016\/08\/FCS_Teams16-17_035-e1471590857233-500x545.jpg 500w, http:\/\/fcsulzberg.at.host24.profi-server.at\/wp-content\/uploads\/2016\/08\/FCS_Teams16-17_035-e1471590857233.jpg 1665w\" sizes=\"(max-width: 204px) 100vw, 204px\" \/><\/a><\/p>\n<p><strong>Hallo Joachim und Dom, wie lief die diesj\u00e4hrige Vorbereitung und wie bewertet\u00a0ihr die Testspiele in dieser Zeit?\u00a0<\/strong><\/p>\n<p><strong>JB:<\/strong>\u00a0Die Vorbereitung war sehr durchwachsen was die Leistungen angeht, ich bin aber zuversichtlich die Mannschaft rechtzeitig zum Start am Wochenende\u00a0bei 100% zu haben !!<br \/>\nDie Trainingsbedingungen und das Trainingslager in Villafranca di Verona waren aus meiner Sicht sehr gut, wir haben auch viel am System und den Automatismen gearbeitet in der letzten Zeit.<\/p>\n<p><strong>DG:\u00a0<\/strong>Die kurze aber sehr intensive Vorbereitung war sehr\u00a0 durchwachsen. Auf gute Leistungen folgte immer wieder eine etwas schw\u00e4chere Partie. Wie auch in den letzten 2 Jahren verbrachten wir das Trainingslager im sch\u00f6nen Villafranca di Verona. Man hatte gute Bedingungen und man hat im Training super gearbeitet. Personell kehren im Fr\u00fchjahr die zwei Langzeitverletzten Sandro Delfauro und Cornelius Blank zur\u00fcck ins Team und mit Martin Sinz haben wir einen starken Offensivspieler dazubekommen.<\/p>\n<p><strong>Welche Ziele hat sich die Mannschaft f\u00fcrs Fr\u00fchjahr 2017 gesetzt?\u00a0Welche Teams sind die Topfavoriten auf den Meistertitel und den Aufstieg in die Vorarlbergliga?<\/strong><\/p>\n<p><strong>JB:\u00a0<\/strong>Ziel ist es von mir immer die Mannschaft weiter zu bringen, jedem Einzelnen auch etwas mitzugeben, ihn weiterzuentwickeln. Unterm Strich z\u00e4hlt nat\u00fcrlich die Tabelle und die Ergebnisse, hier ist das klare Ziel erst einmal der Klassenerhalt, so schnell wie m\u00f6glich hierf\u00fcr gen\u00fcgend Punkte zu sammeln.<br \/>\nFavoriten sind f\u00fcr mich die 3 Vereine, die auch momentan oben stehen, Schwarzach, Fussach und Feldkirch werden den Titel unter sich ausmachen.<\/p>\n<p><strong>DG<\/strong>:\u00a0Als Aufsteiger und Neuling der Liga ist unser Ziel der Klassenerhalt. Die Hinrunde hat auch gezeigt, dass wir mit den Ligakonkurrenten mithalten k\u00f6nnen.<br \/>\nDie Top 4 haben eine optimale Ausgangslage f\u00fcr die R\u00fcckrunde. Ich bin mir sicher, sie werden um den Titel spielen.<\/p>\n<p><strong>Welche Ziele habt ihr pers\u00f6nlich aus sportlicher Sicht im Fokus?<\/strong><\/p>\n<p><strong>JB:\u00a0<\/strong>Ich will jedes Wochenende\u00a0ein Team auf dem Platz sehen, in dem jeder f\u00fcr den anderen rennt und wir uns gegenseitig gegen den Ball auch lautstark unterst\u00fctzen. Wenn wir es schaffen als kompakte Einheit aufzutreten, jeder sein Ego zur\u00fcckstellt und wir den Matchplan umsetzen, dann kommt der gute Fussball von selbst, denn gute Spieler haben wir.<\/p>\n<p><strong>DG:\u00a0<\/strong>Ich pers\u00f6nlich feile nach meiner schweren Knieverletzung noch an meinem Comeback. Es wird jedoch noch ein wenig dauern, bis ich meine Mannschaftskollegen wieder unterst\u00fctzen kann.<\/p>\n<p>Vielen Dank Joachim und Dom f\u00fcr das aufschlussreiche Interview. Wir w\u00fcnschen Euch beiden alles gute f\u00fcr die Fr\u00fchjahrssaison. Wir hoffen vor allem, dass wir unseren &#8222;Dom&#8220; bald wieder auf dem gr\u00fcnen Rasen anfeuern d\u00fcrfen! Gute Besserung weiterhin!<\/p>\n","protected":false},"excerpt":{"rendered":"<p>Am kommenden Wochenende startet die Fr\u00fchjahrssaison 2017. Im Zuge dessen haben wir unseren Trainer Joachim Baur\u00a0und den derzeit noch verletzten Dominik Giselbrecht zu einem kurzen Interview gebeten, um uns einen kleinen Einblick in die Vorbereitung und einen Ausblick in die R\u00fcckrunde zu geben.<\/p>\n","protected":false},"author":6,"featured_media":0,"comment_status":"open","ping_status":"closed","sticky":false,"template":"","format":"standard","meta":{"spay_email":""},"categories":[1],"tags":[],"aioseo_notices":[],"jetpack_featured_media_url":"","_links":{"self":[{"href":"http:\/\/fcsulzberg.at.host24.profi-server.at\/index.php?rest_route=\/wp\/v2\/posts\/3945"}],"collection":[{"href":"http:\/\/fcsulzberg.at.host24.profi-server.at\/index.php?rest_route=\/wp\/v2\/posts"}],"about":[{"href":"http:\/\/fcsulzberg.at.host24.profi-server.at\/index.php?rest_route=\/wp\/v2\/types\/post"}],"author":[{"embeddable":true,"href":"http:\/\/fcsulzberg.at.host24.profi-server.at\/index.php?rest_route=\/wp\/v2\/users\/6"}],"replies":[{"embeddable":true,"href":"http:\/\/fcsulzberg.at.host24.profi-server.at\/index.php?rest_route=%2Fwp%2Fv2%2Fcomments&post=3945"}],"version-history":[{"count":15,"href":"http:\/\/fcsulzberg.at.host24.profi-server.at\/index.php?rest_route=\/wp\/v2\/posts\/3945\/revisions"}],"predecessor-version":[{"id":3960,"href":"http:\/\/fcsulzberg.at.host24.profi-server.at\/index.php?rest_route=\/wp\/v2\/posts\/3945\/revisions\/3960"}],"wp:attachment":[{"href":"http:\/\/fcsulzberg.at.host24.profi-server.at\/index.php?rest_route=%2Fwp%2Fv2%2Fmedia&parent=3945"}],"wp:term":[{"taxonomy":"category","embeddable":true,"href":"http:\/\/fcsulzberg.at.host24.profi-server.at\/index.php?rest_route=%2Fwp%2Fv2%2Fcategories&post=3945"},{"taxonomy":"post_tag","embeddable":true,"href":"http:\/\/fcsulzberg.at.host24.profi-server.at\/index.php?rest_route=%2Fwp%2Fv2%2Ftags&post=3945"}],"curies":[{"name":"wp","href":"https:\/\/api.w.org\/{rel}","templated":true}]}}