{"id":3962,"date":"2017-03-24T08:35:04","date_gmt":"2017-03-24T07:35:04","guid":{"rendered":"http:\/\/fcsulzberg.at.host24.profi-server.at\/?p=3962"},"modified":"2017-03-24T08:35:04","modified_gmt":"2017-03-24T07:35:04","slug":"zum-auftakt-nach-feldkirch","status":"publish","type":"post","link":"http:\/\/fcsulzberg.at.host24.profi-server.at\/?p=3962","title":{"rendered":"Zum Auftakt nach Feldkirch"},"content":{"rendered":"<p>Endlich ist es wieder soweit, nach der langen Winterpause d\u00fcrfen wir uns auf den Start der Fr\u00fchjahrssaison freuen. Am Samstag geht es f\u00fcr unser Eins zum Tabellendritten BW Feldkirch.<\/p>\n<p><!--more--><\/p>\n<p>Die Montfortst\u00e4dter haben sich in der \u00dcbertrittszeit ordentlich verst\u00e4rkt. Eigenbau Pascal Rederer und zwei Brasilo-Importe sollen mithelfen, dass die Ardemi-Elf am Ende unter den Top 3 steht. Es wird mit Sicherheit eine schwierige aber nicht unl\u00f6sbare Aufgabe f\u00fcr unsere Mannschaft. Mit 15 Punkten stehen wir aktuell auf Rang 9 der Tabelle, das Polster zu den Abstiegsr\u00e4ngen betr\u00e4gt allerdings nur 4 Punkte, so dass es wichtig sein wird, von Anfang an mit dem Punktesammeln zu beginnen. Auch wir konnten unseren Kader im Winter verst\u00e4rken, mit Martin Sinz haben wir einen sehr starken Offensivspieler dazugewinnen k\u00f6nnen. Martin hat bereits in der Vergangenheit beim FC H\u00f6rbranz seine Torj\u00e4gerqualit\u00e4ten unter Beweis gestellt und diese auch in den Vorbereitungsspielen aufblitzen lassen. Mit Sandro Delfauro und Cornelius Blank sto\u00dfen noch 2 Langzeitverletzte zu unserem Kader, allerdings dauert es bei &#8222;Conschi&#8220; noch 2-3 Wochen, bis er wieder zu 100% einsatzf\u00e4hig ist. Wir d\u00fcrfen also gespannt sein welche Elf, Trainer Joachim Baur am Samstag auf den Rasen schickt. Anpfiff im Waldstadion ist um 15 Uhr. Das Wetter soll hervorragend werden, so steht einem Ausflug nach Feldkirch also nichts im Wege um unsere Jungs zu unterst\u00fctzen! \u00a0Sie w\u00fcrden sich \u00fcber Euren Support freuen!<\/p>\n<p>Ebenfalls in Feldkirch startet unser 1b in die Saison. Die Jungs um Kapit\u00e4n Martin Gigler sind am Samstag um 14 Uhr im Ortsteil Tisis zu Gast. Die zweite Garnitur der Tisner steht auf dem f\u00fcnften Tabellenrang. Bei einem Ausw\u00e4rtssieg k\u00f6nnten unsere Jungs allerdings an ihnen vorbeiziehen, da man mit einem Punkt R\u00fcckstand auf dem 7. Platz liegt.<\/p>\n<p>Genug der Worte, lasst Taten folgen M\u00e4nner! Wir w\u00fcnschen beiden Teams einen erfolgreichen und verletzungsfreien Start in die Fr\u00fchjahrssaison!<\/p>\n","protected":false},"excerpt":{"rendered":"<p>Endlich ist es wieder soweit, nach der langen Winterpause d\u00fcrfen wir uns auf den Start der Fr\u00fchjahrssaison freuen. Am Samstag geht es f\u00fcr unser Eins zum Tabellendritten BW Feldkirch.<\/p>\n","protected":false},"author":6,"featured_media":0,"comment_status":"open","ping_status":"closed","sticky":false,"template":"","format":"standard","meta":{"spay_email":""},"categories":[1],"tags":[],"aioseo_notices":[],"jetpack_featured_media_url":"","_links":{"self":[{"href":"http:\/\/fcsulzberg.at.host24.profi-server.at\/index.php?rest_route=\/wp\/v2\/posts\/3962"}],"collection":[{"href":"http:\/\/fcsulzberg.at.host24.profi-server.at\/index.php?rest_route=\/wp\/v2\/posts"}],"about":[{"href":"http:\/\/fcsulzberg.at.host24.profi-server.at\/index.php?rest_route=\/wp\/v2\/types\/post"}],"author":[{"embeddable":true,"href":"http:\/\/fcsulzberg.at.host24.profi-server.at\/index.php?rest_route=\/wp\/v2\/users\/6"}],"replies":[{"embeddable":true,"href":"http:\/\/fcsulzberg.at.host24.profi-server.at\/index.php?rest_route=%2Fwp%2Fv2%2Fcomments&post=3962"}],"version-history":[{"count":2,"href":"http:\/\/fcsulzberg.at.host24.profi-server.at\/index.php?rest_route=\/wp\/v2\/posts\/3962\/revisions"}],"predecessor-version":[{"id":3964,"href":"http:\/\/fcsulzberg.at.host24.profi-server.at\/index.php?rest_route=\/wp\/v2\/posts\/3962\/revisions\/3964"}],"wp:attachment":[{"href":"http:\/\/fcsulzberg.at.host24.profi-server.at\/index.php?rest_route=%2Fwp%2Fv2%2Fmedia&parent=3962"}],"wp:term":[{"taxonomy":"category","embeddable":true,"href":"http:\/\/fcsulzberg.at.host24.profi-server.at\/index.php?rest_route=%2Fwp%2Fv2%2Fcategories&post=3962"},{"taxonomy":"post_tag","embeddable":true,"href":"http:\/\/fcsulzberg.at.host24.profi-server.at\/index.php?rest_route=%2Fwp%2Fv2%2Ftags&post=3962"}],"curies":[{"name":"wp","href":"https:\/\/api.w.org\/{rel}","templated":true}]}}