{"id":5214,"date":"2017-10-02T12:00:42","date_gmt":"2017-10-02T10:00:42","guid":{"rendered":"http:\/\/fcsulzberg.at.host24.profi-server.at\/?p=5214"},"modified":"2017-10-02T12:00:42","modified_gmt":"2017-10-02T10:00:42","slug":"negativserie-haelt-an","status":"publish","type":"post","link":"http:\/\/fcsulzberg.at.host24.profi-server.at\/?p=5214","title":{"rendered":"Negativserie h\u00e4lt an"},"content":{"rendered":"<p>Mit einer vermeidbaren 2-1 Niederlage kehrte unsere Mannschaft aus Brederis zur\u00fcck. Wieder war es uns nicht gelungen hinten &#8222;zu Null&#8220; zu spielen und in der Offensive fehlte auch an diesem Tage das n\u00f6tige Quentchen Gl\u00fcck.<\/p>\n<p><!--more--><\/p>\n<p>Das Spiel begann durchaus vielversprechend f\u00fcr unser Eins, aus einer geordneten Defensive, in welcher endlich wieder Michael Schmid nach mehrw\u00f6chiger Verletzungspause auflaufen konnte, erspielten wir uns anfangs doch die ein oder andere M\u00f6glichkeit. Wie so oft in den letzten Spielen, machten wir uns allerdings das Leben selbst schwer. Nach einem v\u00f6llig unn\u00f6tigem Foul im Mittelfeld, spielten die Bresner den Freisto\u00df in unser Abwehrzentrum, wo wir den Ball nur noch vor die F\u00fc\u00dfe von Dogan Uyar kl\u00e4ren konnten, dieser fackelte nicht lange und schob den Ball zum 1-0 ins lange Eck (17.). Die Hausherren spielten nun gef\u00e4llig aus ihrer Defensive nach vorne, klare Torchancen sprangen dabei aber nicht heraus. Kurz vor der Halbzeit dann die kalte Dusche f\u00fcr unser Team, nach einem Angriff schalteten wir zu langsam um, die Bresner trugen einen feinen Konter \u00fcber die linke Seite vor, welchen der flinke Bechter zum 2-0 vollstreckte (43.). Mit dieser 2-0 F\u00fchrung f\u00fcr die Hausherren ging es in die Pause. Nach der Halbzeit wechselte Joachim Baur zweimal aus, Alex Fink und Stefan Eienbach kamen f\u00fcr Richard Baldauf und David Heidegger. Dies machte sich kurz darauf bezahlbar. \u00a0Nach einem tollen Solo von Chris Schm\u00e4hl, legte dieser den Ball in den Lauf von Alex Fink, welcher zum 1-2 Anschlusstreffer einlochte (57.). Nur wenige Zeigerumdrehungen sp\u00e4ter eine weitere Gro\u00dfchance f\u00fcr unsere Farben, nach Flanke von Eienbach scheiterte zun\u00e4chst Jodl Sinz am Bresner Schlussmann und dem Querbalken, den Nachschu\u00df von Manu M\u00f6\u00df kl\u00e4rte ein Verteidiger auf der Linie. Dies war die st\u00e4rkste Phase unserer Mannschaft, immer wieder versuchte man zwischen die Defensivreihen der Bresner zu kommen, welche ihrerseits geschickt verteidigten. In Minute 68 war es abermals Alex Fink, welcher nach einem schnell ausgef\u00fchrten Freisto\u00df knapp \u00fcber das Tor scho\u00df. Mit Fortdauer der Partie nutzten die Bresner die sich ergebenden R\u00e4ume und kamen ihrerseits ebenfalls zu gef\u00e4hrlichen Kontersituationen, welche aber zu keinem weiteren Tor f\u00fchrten. So blieb es leider bis zum Schlu\u00df beim 2-1 f\u00fcr Brederis und wieder einmal standen unsere Jungs mit leeren H\u00e4nden da.<\/p>\n<p>Jetzt gilt es wie schon in den vergangenen Wochen, Mund abwischen, hart trainieren, eng zusammenstehen, nur so kommen wir gemeinsam aus dieser Misere heraus.<\/p>\n<p>&nbsp;<\/p>\n","protected":false},"excerpt":{"rendered":"<p>Mit einer vermeidbaren 2-1 Niederlage kehrte unsere Mannschaft aus Brederis zur\u00fcck. Wieder war es uns nicht gelungen hinten &#8222;zu Null&#8220; zu spielen und in der Offensive fehlte auch an diesem Tage das n\u00f6tige Quentchen Gl\u00fcck.<\/p>\n","protected":false},"author":6,"featured_media":0,"comment_status":"open","ping_status":"closed","sticky":false,"template":"","format":"standard","meta":{"spay_email":""},"categories":[1],"tags":[],"aioseo_notices":[],"jetpack_featured_media_url":"","_links":{"self":[{"href":"http:\/\/fcsulzberg.at.host24.profi-server.at\/index.php?rest_route=\/wp\/v2\/posts\/5214"}],"collection":[{"href":"http:\/\/fcsulzberg.at.host24.profi-server.at\/index.php?rest_route=\/wp\/v2\/posts"}],"about":[{"href":"http:\/\/fcsulzberg.at.host24.profi-server.at\/index.php?rest_route=\/wp\/v2\/types\/post"}],"author":[{"embeddable":true,"href":"http:\/\/fcsulzberg.at.host24.profi-server.at\/index.php?rest_route=\/wp\/v2\/users\/6"}],"replies":[{"embeddable":true,"href":"http:\/\/fcsulzberg.at.host24.profi-server.at\/index.php?rest_route=%2Fwp%2Fv2%2Fcomments&post=5214"}],"version-history":[{"count":4,"href":"http:\/\/fcsulzberg.at.host24.profi-server.at\/index.php?rest_route=\/wp\/v2\/posts\/5214\/revisions"}],"predecessor-version":[{"id":5218,"href":"http:\/\/fcsulzberg.at.host24.profi-server.at\/index.php?rest_route=\/wp\/v2\/posts\/5214\/revisions\/5218"}],"wp:attachment":[{"href":"http:\/\/fcsulzberg.at.host24.profi-server.at\/index.php?rest_route=%2Fwp%2Fv2%2Fmedia&parent=5214"}],"wp:term":[{"taxonomy":"category","embeddable":true,"href":"http:\/\/fcsulzberg.at.host24.profi-server.at\/index.php?rest_route=%2Fwp%2Fv2%2Fcategories&post=5214"},{"taxonomy":"post_tag","embeddable":true,"href":"http:\/\/fcsulzberg.at.host24.profi-server.at\/index.php?rest_route=%2Fwp%2Fv2%2Ftags&post=5214"}],"curies":[{"name":"wp","href":"https:\/\/api.w.org\/{rel}","templated":true}]}}