{"id":5596,"date":"2018-03-26T08:20:04","date_gmt":"2018-03-26T06:20:04","guid":{"rendered":"http:\/\/fcsulzberg.at.host24.profi-server.at\/?p=5596"},"modified":"2018-03-26T08:20:04","modified_gmt":"2018-03-26T06:20:04","slug":"durchwachsener-start-in-meiningen","status":"publish","type":"post","link":"http:\/\/fcsulzberg.at.host24.profi-server.at\/?p=5596","title":{"rendered":"Durchwachsener Start in Meiningen"},"content":{"rendered":"<p>Am vergangenen Samstag erlebten unsere Kicker zum Auftakt der R\u00fcckrunde einen Start mit Licht und Schatten. Unser 1b konnte sich im Vorspiel der Landesligapartie am Ende mit 2-0 durchsetzen, f\u00fcr unser Eins gab es eine klare 4-0 Schlappe gegen den SK Meiningen.<\/p>\n<p><!--more--><\/p>\n<p>Lange sah es so aus, als sollte es in der Partie der beiden 1b Mannschaften keinen Sieger geben. Gepr\u00e4gt von vielen Zweik\u00e4mpfen und Mittelfeldgepl\u00e4nkel wollte kein gro\u00dfer Spielflu\u00df aufkommen. Das sich die Mannen von Trainer Florian Kirchmann am Ende doch noch freuen konnten lag an der sehr effektiven Chancenverwertung an diesem Tag. Zuerst vollendete Goalgetter Raphael Knill in der 78. Minute einen Konter zum 1-0, ehe kurz vor Schlu\u00df, der zuvor eingewechselte Stefan Haller mit seinem Premierentor auf 2-0 stellte (90.). Somit war der Start gegl\u00fcckt und unser 1b beh\u00e4lt weiterhin die Tabellenf\u00fchrung. Gl\u00fcckwunsch an Flori Kirchmann und seine Mannschaft, weiter so Burschen.<\/p>\n<p>Leider war der Auftakt in die Landesliga R\u00fcckrunde f\u00fcr unser Eins nicht so erfolgreich, mit 4-0 musste man sich den Hausherren geschlagen geben. Ein Ergebnis, das bis kurz vor der Halbzeit nicht unbedingt zu erwarten war, doch letztlich in Ordnung geht. Die ersten 44 Minuten des Spiels sind schnell erz\u00e4hlt, \u00e4hnlich wie im Vorspiel der 1b Mannschaften neutralisierten sich beide Teams mehr oder weniger, Die Meininger hatten vielleicht etwas mehr vom Spiel, richtig gef\u00e4hrlich kamen sie allerdings nicht vor das Tor von Michael Feurle. Als sich die Zuschauer schon in Gedanken in der Halbzeitpause befanden, passierte doch noch etwas auf dem Platz. Nach einer Unstimmigkeit in unserer Defensive stand Rene Simon pl\u00f6tzlich vor dem leeren Tor und musste den Ball nur noch zum 1-0 einschieben (44.). Damit aber nicht genug, nur eine Zeigerumdrehung sp\u00e4ter, wiederum ein langer Abschlag vom Keeper der Meininger, unsere Hintermannschaft verhielt sich nach dem Motto &#8222;nimm ihn Du, ich hab ihn sicher&#8220;, so war es f\u00fcr Adrian Hagen ein leichtes den Ball aus 5 Metern zu versenken (45.). Mit einer doch etwas \u00fcberraschenden 2-0 F\u00fchrung f\u00fcr die Hausherren ging es dann in die Halbzeitpause. Beide Teams kamen unver\u00e4ndert zur\u00fcck aufs Feld. Befl\u00fcgelt von der F\u00fchrung machten die Meininger nun mehr Druck auf unser Tor, was in der 52. Minute belohnt wurde. Einen Eckball auf den ersten Pfosten faustete Michael Feurle ungl\u00fccklich ins eigene Tor zum 3-0 f\u00fcr Meiningen. Im Anschlu\u00df versuchten unsere Jungs zwar mehr Offensivakzente zu setzen, leider fehlte uns an diesem Tage aber die n\u00f6tige Durchschlagskraft. So war es Niklas Schranz vorbehalten nach einem Konter den Schlusspunkt zum 4-0 zu setzen (89.).<\/p>\n<p>F\u00fcr Trainer Joachim Baur und seinen Mannen hei\u00dft es nun diese Niederlage unter der Woche zu verarbeiten und sich auf die kommende schwierige Aufgabe in Schruns vorzubereiten. Kopf hoch, weiter gehts am n\u00e4chsten Samstag M\u00e4nner!<\/p>\n<p>Aufstellung: TW Michael Feurle, 3 Sandro Delfauro, 8 Dietmar Spiegel, 9 Stefan Eienbach (K), 11 Martin Sinz, 13 Michael Schmid, 14 Yannick Alber, 17 Manuel M\u00f6\u00df, 18 Richard Baldauf, 19 Johpan Wolf, 33 Alex Fink.<\/p>\n<p>Ersatzbank: ET Sezer Karakas,\u00a05 Alexander Epp, 10 Martin Gigler, 16 Klaus Hirschb\u00fchl, 20 David Heidegger.<\/p>\n<p>Auswechslungen:\u00a061.: <a class=\"spielerDetail\" href=\"http:\/\/www.fussballoesterreich.at\/netzwerk\/spielerdetails\/3\/670725461856634215_100094~1254917701949071653~0.htm\">David Heidegger<\/a> f\u00fcr <a class=\"spielerDetail\" href=\"http:\/\/www.fussballoesterreich.at\/netzwerk\/spielerdetails\/9\/670725461856634215_100094~1256795015024634619~0.htm\">Johpan Wolf\u00a0<\/a>61.: <a class=\"spielerDetail\" href=\"http:\/\/www.fussballoesterreich.at\/netzwerk\/spielerdetails\/1\/670725461856634215_100094~1254917409891294421~0.htm\">Alexander Epp<\/a> f\u00fcr <a class=\"spielerDetail\" href=\"http:\/\/www.fussballoesterreich.at\/netzwerk\/spielerdetails\/5\/670725461856634215_100094~1254917667589333105~0.htm\">Richard Baldauf\u00a0<\/a>75.: <a class=\"spielerDetail\" href=\"http:\/\/www.fussballoesterreich.at\/netzwerk\/spielerdetails\/6\/670725461856634215_100094~1314594881026047226~0.htm\">Klaus Hirschb\u00fchl<\/a> f\u00fcr <a class=\"spielerDetail\" href=\"http:\/\/www.fussballoesterreich.at\/netzwerk\/spielerdetails\/8\/670725461856634215_100094~1254917719128940838~0.htm\">Alexander Fink<\/a><\/p>\n<p>&nbsp;<\/p>\n<p>Tore:\u00a01:0: <a class=\"spielerDetail\" href=\"http:\/\/www.fussballoesterreich.at\/netzwerk\/spielerdetails\/7\/670725461856634215_100094~1261928961183052327~0.htm\">Rene Simon<\/a> (44.)\u00a02:0: <a class=\"spielerDetail\" href=\"http:\/\/www.fussballoesterreich.at\/netzwerk\/spielerdetails\/1\/670725461856634215_100094~1261928772204490501~0.htm\">Adrian Hagen<\/a> (45.)\u00a03:0: <a class=\"spielerDetail\" href=\"http:\/\/www.fussballoesterreich.at\/netzwerk\/spielerdetails\/6\/670725461856634215_100094~1261928875283705946~0.htm\">Andreas Mayer<\/a> (52.)\u00a04:0: <a class=\"spielerDetail\" href=\"http:\/\/www.fussballoesterreich.at\/netzwerk\/spielerdetails\/9\/670725461856634215_100094~1261928926823313899~0.htm\">Niklas Schranz<\/a> (89.)<\/p>\n<p>Gelbe Karten:\u00a04.: <a class=\"spielerDetail\" href=\"http:\/\/www.fussballoesterreich.at\/netzwerk\/spielerdetails\/6\/670725461856634215_100094~1254917530150379226~0.htm\">Stefan Eienbach<\/a> (Foul)\u00a050.: <a class=\"spielerDetail\" href=\"http:\/\/www.fussballoesterreich.at\/netzwerk\/spielerdetails\/5\/670725461856634215_100094~1254917667589333105~0.htm\">Richard Baldauf<\/a> (Foul)<\/p>\n<p>Zuschauer: 200 \/ Schiedsrichter: Daniel Bode<\/p>\n<p>&nbsp;<\/p>\n","protected":false},"excerpt":{"rendered":"<p>Am vergangenen Samstag erlebten unsere Kicker zum Auftakt der R\u00fcckrunde einen Start mit Licht und Schatten. Unser 1b konnte sich im Vorspiel der Landesligapartie am Ende mit 2-0 durchsetzen, f\u00fcr unser Eins gab es eine klare 4-0 Schlappe gegen den SK Meiningen.<\/p>\n","protected":false},"author":6,"featured_media":0,"comment_status":"open","ping_status":"closed","sticky":false,"template":"","format":"standard","meta":{"spay_email":""},"categories":[1],"tags":[],"aioseo_notices":[],"jetpack_featured_media_url":"","_links":{"self":[{"href":"http:\/\/fcsulzberg.at.host24.profi-server.at\/index.php?rest_route=\/wp\/v2\/posts\/5596"}],"collection":[{"href":"http:\/\/fcsulzberg.at.host24.profi-server.at\/index.php?rest_route=\/wp\/v2\/posts"}],"about":[{"href":"http:\/\/fcsulzberg.at.host24.profi-server.at\/index.php?rest_route=\/wp\/v2\/types\/post"}],"author":[{"embeddable":true,"href":"http:\/\/fcsulzberg.at.host24.profi-server.at\/index.php?rest_route=\/wp\/v2\/users\/6"}],"replies":[{"embeddable":true,"href":"http:\/\/fcsulzberg.at.host24.profi-server.at\/index.php?rest_route=%2Fwp%2Fv2%2Fcomments&post=5596"}],"version-history":[{"count":5,"href":"http:\/\/fcsulzberg.at.host24.profi-server.at\/index.php?rest_route=\/wp\/v2\/posts\/5596\/revisions"}],"predecessor-version":[{"id":5601,"href":"http:\/\/fcsulzberg.at.host24.profi-server.at\/index.php?rest_route=\/wp\/v2\/posts\/5596\/revisions\/5601"}],"wp:attachment":[{"href":"http:\/\/fcsulzberg.at.host24.profi-server.at\/index.php?rest_route=%2Fwp%2Fv2%2Fmedia&parent=5596"}],"wp:term":[{"taxonomy":"category","embeddable":true,"href":"http:\/\/fcsulzberg.at.host24.profi-server.at\/index.php?rest_route=%2Fwp%2Fv2%2Fcategories&post=5596"},{"taxonomy":"post_tag","embeddable":true,"href":"http:\/\/fcsulzberg.at.host24.profi-server.at\/index.php?rest_route=%2Fwp%2Fv2%2Ftags&post=5596"}],"curies":[{"name":"wp","href":"https:\/\/api.w.org\/{rel}","templated":true}]}}