{"id":7386,"date":"2019-04-14T11:44:04","date_gmt":"2019-04-14T09:44:04","guid":{"rendered":"http:\/\/fcsulzberg.at.host24.profi-server.at\/?p=7386"},"modified":"2019-04-14T11:44:04","modified_gmt":"2019-04-14T09:44:04","slug":"gebrauchter-samstag-im-alpenstadion","status":"publish","type":"post","link":"http:\/\/fcsulzberg.at.host24.profi-server.at\/?p=7386","title":{"rendered":"Gebrauchter Samstag im Alpenstadion"},"content":{"rendered":"<p>Auch in der dritten Partie der Fr\u00fchjahrsrunde gab es f\u00fcr unsere Mannschaft nichts zu holen. Mit 4-1 zog man zuhause gegen die junge Truppe des IPA SC G\u00f6fis den k\u00fcrzeren. Leider gab es auch f\u00fcr unser 1b gegen SW Bregenz 1b die zweite Niederlage im zweiten Spiel, man verlor ebenfalls mit 1-4.<\/p>\n<p><!--more-->Bereits nach 4 Minuten gab es die erste Chance f\u00fcr unsere Jungs, nach sch\u00f6nem Zuspiel von Marcel Praml scheiterte Martin Sinz am guten G\u00f6fner Goalie. Danach waren allerdings die G\u00e4ste am Dr\u00fccker, folgerichtig der F\u00fchrungstreffer nach einem abgef\u00e4lschten Schu\u00df aus 18 Metern 0-1 (15.).\u00a0 Nur wenig sp\u00e4ter gab es einen berechtigten Strafsto\u00df f\u00fcr G\u00f6fis (29.), bereits der 4 Strafsto\u00df gegen uns im 3. Spiel! Samuel Gut trat f\u00fcr die G\u00e4ste an und Michael Feurle parierte zweimal bravour\u00f6s, damit blieb es vorerst beim 0-1. Nur wenige Minuten sp\u00e4ter allerdings dann das 0-2 (32.), unsere Hintermannschaft konnte den Ball nach einem Eckball nicht konsequent kl\u00e4ren, davon profitierte der G\u00f6fner\u00a0 Lukas Lampert und staubte eiskalt ab. Mit diesem R\u00fcckstand ging es dann in die Halbzeitpause. Nach dem Wechsel kamen auch wir zu der ein oder anderen Chance, in der 58. Minute verpasste Patrick Eller noch knapp, um es eine Minute sp\u00e4ter besser zu machen, eine Bogenlampe in den 5-Meterraum der G\u00e4ste staubte er zum Anschlusstreffer ab 1-2 (59.). W\u00e4re der Schuss von Stefan Eienbach nach feinem Solo nicht knapp am langen Pfosten vorbeigeschrammt (68.), vielleicht w\u00e4re dann noch etwas f\u00fcr unsere Jungs drin gewesen. So waren es die G\u00e4ste die am Ende jubeln durften, nach einem Ballverlust im Mittelfeld, im Anschlu\u00df an einen Eckball f\u00fcr uns, vollendete Ramon Tschann einen schulbuchm\u00e4\u00dfigen Konter zum 1-3 (72.).\u00a0 Endg\u00fcltig machte dann Philip Fr\u00f6wis in der 86. Minute den Deckel drauf 1-4. So standen wir wieder einmal mit leeren H\u00e4nden da, unterm Strich aber nicht unverdient f\u00fcr die G\u00e4ste.<\/p>\n<p>Die Aufgaben werden in den n\u00e4chsten 2 Wochen nicht einfacher, zuerst geht es am kommenden Wochenende gegen den Tabellendritten aus Schruns, im n\u00e4chsten Heimspiel kommt dann der klare Tabellenf\u00fchrer FC Lustenau ins Alpenstadion. Wir werden sehen wie Trainer Michael Fink unsere Jungs auf diese schweren Aufgaben vorbereiten wird.<\/p>\n<p>Aufstellung: TW Michael Feurle, 3 Sandro Delfauro, 4 Tobias V\u00f6gel, 7 Patrick Eller, 8 Dietmar Spiegel, 9 Stefan Eienbach, 11 Martin Sinz, 13 Klaus Hirschb\u00fchl, 16 Robert Schellander, 19 Johpan Wolf, 23 Marcel Praml<\/p>\n<p>Ersatzbank:\u00a0ET Pius Schw\u00e4rzler, 6 Aydin Azim, 12 Raphael Knill, 15 Cornelius Blank.<\/p>\n<p>Auswechslungen:<br \/>\n73.: <a class=\"spielerDetail\" href=\"https:\/\/www.fussballoesterreich.at\/netzwerk\/spielerdetails\/0\/670725461856634215_100094~1338884690593749420~0.htm\">Azim Aydin<\/a> f\u00fcr <a class=\"spielerDetail\" href=\"https:\/\/www.fussballoesterreich.at\/netzwerk\/spielerdetails\/2\/670725461856634215_100094~1340560054223079712~0.htm\">Marcel Praml <\/a>83.: <a class=\"spielerDetail\" href=\"https:\/\/www.fussballoesterreich.at\/netzwerk\/spielerdetails\/9\/670725461856634215_100094~1338884742133357179~0.htm\">Cornelius Blank<\/a> f\u00fcr <a class=\"spielerDetail\" href=\"https:\/\/www.fussballoesterreich.at\/netzwerk\/spielerdetails\/0\/670725461856634215_100094~1338885034191133680~0.htm\">Martin Sinz <\/a>83.: <a class=\"spielerDetail\" href=\"https:\/\/www.fussballoesterreich.at\/netzwerk\/spielerdetails\/9\/670725461856634215_100094~1338884965471656849~0.htm\">Raphael Knill<\/a> f\u00fcr <a class=\"spielerDetail\" href=\"https:\/\/www.fussballoesterreich.at\/netzwerk\/spielerdetails\/4\/670725461856634215_100094~1340494341273621194~0.htm\">Robert Schellander<\/a><\/p>\n<p>Tore:<br \/>\n0:1: <a class=\"spielerDetail\" href=\"https:\/\/www.fussballoesterreich.at\/netzwerk\/spielerdetails\/9\/670725461856634215_100094~1343967200289271749~0.htm\">Samuel Gut<\/a> (15.)<br \/>\n0:2: <a class=\"spielerDetail\" href=\"https:\/\/www.fussballoesterreich.at\/netzwerk\/spielerdetails\/3\/670725461856634215_100094~1343967509526917163~0.htm\">Lukas Lampert<\/a> (32.)<br \/>\n1:2: <a class=\"spielerDetail\" href=\"https:\/\/www.fussballoesterreich.at\/netzwerk\/spielerdetails\/5\/670725461856634215_100094~1340971494976599545~0.htm\">Patrick Eller<\/a> (59.)<br \/>\n1:3: <a class=\"spielerDetail\" href=\"https:\/\/www.fussballoesterreich.at\/netzwerk\/spielerdetails\/4\/670725461856634215_100094~1343967732865216844~0.htm\">Ramon Tschann<\/a> (72.)<br \/>\n1:4: <a class=\"spielerDetail\" href=\"https:\/\/www.fussballoesterreich.at\/netzwerk\/spielerdetails\/9\/670725461856634215_100094~1343967114389925649~0.htm\">Philip Fr\u00f6wis<\/a> (86.)<\/p>\n<p>Gelbe Karten:<br \/>\n29.: <a class=\"spielerDetail\" href=\"https:\/\/www.fussballoesterreich.at\/netzwerk\/spielerdetails\/5\/670725461856634215_100094~1338884759313226535~0.htm\">Sandro Delfauro<\/a> (Foul)<br \/>\n77.: <a class=\"spielerDetail\" href=\"https:\/\/www.fussballoesterreich.at\/netzwerk\/spielerdetails\/0\/670725461856634215_100094~1338884690593749420~0.htm\">Azim Aydin<\/a> (Foul)<\/p>\n<p>Zuschauer: 200 \/ Schiedsrichter: \u00d6zg\u00fcr Akbulut<\/p>\n","protected":false},"excerpt":{"rendered":"<p>Auch in der dritten Partie der Fr\u00fchjahrsrunde gab es f\u00fcr unsere Mannschaft nichts zu holen. Mit 4-1 zog man zuhause gegen die junge Truppe des IPA SC G\u00f6fis den k\u00fcrzeren. Leider gab es auch f\u00fcr unser 1b gegen SW Bregenz 1b die zweite Niederlage im zweiten Spiel, man verlor ebenfalls mit 1-4.<\/p>\n","protected":false},"author":6,"featured_media":0,"comment_status":"open","ping_status":"closed","sticky":false,"template":"","format":"standard","meta":{"spay_email":""},"categories":[1],"tags":[],"aioseo_notices":[],"jetpack_featured_media_url":"","_links":{"self":[{"href":"http:\/\/fcsulzberg.at.host24.profi-server.at\/index.php?rest_route=\/wp\/v2\/posts\/7386"}],"collection":[{"href":"http:\/\/fcsulzberg.at.host24.profi-server.at\/index.php?rest_route=\/wp\/v2\/posts"}],"about":[{"href":"http:\/\/fcsulzberg.at.host24.profi-server.at\/index.php?rest_route=\/wp\/v2\/types\/post"}],"author":[{"embeddable":true,"href":"http:\/\/fcsulzberg.at.host24.profi-server.at\/index.php?rest_route=\/wp\/v2\/users\/6"}],"replies":[{"embeddable":true,"href":"http:\/\/fcsulzberg.at.host24.profi-server.at\/index.php?rest_route=%2Fwp%2Fv2%2Fcomments&post=7386"}],"version-history":[{"count":1,"href":"http:\/\/fcsulzberg.at.host24.profi-server.at\/index.php?rest_route=\/wp\/v2\/posts\/7386\/revisions"}],"predecessor-version":[{"id":7387,"href":"http:\/\/fcsulzberg.at.host24.profi-server.at\/index.php?rest_route=\/wp\/v2\/posts\/7386\/revisions\/7387"}],"wp:attachment":[{"href":"http:\/\/fcsulzberg.at.host24.profi-server.at\/index.php?rest_route=%2Fwp%2Fv2%2Fmedia&parent=7386"}],"wp:term":[{"taxonomy":"category","embeddable":true,"href":"http:\/\/fcsulzberg.at.host24.profi-server.at\/index.php?rest_route=%2Fwp%2Fv2%2Fcategories&post=7386"},{"taxonomy":"post_tag","embeddable":true,"href":"http:\/\/fcsulzberg.at.host24.profi-server.at\/index.php?rest_route=%2Fwp%2Fv2%2Ftags&post=7386"}],"curies":[{"name":"wp","href":"https:\/\/api.w.org\/{rel}","templated":true}]}}