{"id":7394,"date":"2019-04-29T13:39:55","date_gmt":"2019-04-29T11:39:55","guid":{"rendered":"http:\/\/fcsulzberg.at.host24.profi-server.at\/?p=7394"},"modified":"2019-04-29T13:39:55","modified_gmt":"2019-04-29T11:39:55","slug":"wieder-keine-punkte","status":"publish","type":"post","link":"http:\/\/fcsulzberg.at.host24.profi-server.at\/?p=7394","title":{"rendered":"Wieder keine Punkte"},"content":{"rendered":"<p>Am vergangenen Samstag gab es leider wieder keine Punkte f\u00fcr unser Eins. Mit 2-4 musste man sich dem FC Lustenau geschlagen geben. Unser 1b verlor denkbar knapp mit 1-2 gegen den FC Nenzing 1b.<\/p>\n<p><!--more--><\/p>\n<p>Das Sulzberger Publikum bekam eine ordentliche Leistung unserer Jungs gegen den Tabellenf\u00fchrer aus Lustenau zu sehen. Mit viel Einsatz und Leidenschaft konnte man das Spiel eine knappe Stunde offen halten, danach kamen die G\u00e4ste doch noch zu einem verdienten 4-2 Erfolg. Die Lustenauer legten los wie die Feuerwehr und hatten bereits zu Beginn sehr gute Einschu\u00dfm\u00f6glichkeiten, welche aber zun\u00e4chst noch ungenutzt blieben. In der 16. Minute war es dann soweit, Zengin staubte aus 5 Metern zum 0-1 ab. Nur wenige Minuten sp\u00e4ter das 2-0 f\u00fcr die G\u00e4ste, Torsch\u00fctze war abermals Zengin (22.). Man musste schon das schlimmste bef\u00fcrchten, doch weit gefehlt. Nun begann die st\u00e4rkste Phase unserer Mannschaft, zuerst vollendete Patrick Eller nach feinem Zuspiel von Martin Sinz, freistehend vor dem G\u00e4stekeeper zum 1-2 (28.), kurz darauf war es Azim Aydin der den Ausgleichstreffer markieren konnte 2-2 (37.). Mit diesem Unentschieden ging es in die Pause. Nach der Halbzeit waren es allerdings wieder die G\u00e4ste, die den Ton angaben. Bis zur 57. Minute konnten sich Stefan Eienbach und Co. schadlos halten, ehe Simon H\u00e4fele seine Farben wieder in Front scho\u00df 2-3. Unsere Jungs hielten trotz des neuerlichen R\u00fcckstandes dagegen und stemmten sich gegen die Niederlage. Am Ende war es ein Konter in der Nachspielzeit, der das Spiel entschied 2-4 (90+2.).<\/p>\n<p>Am Ende eine gute Leistung unserer Mannschaft, vor allem wenn man bedenkt, dass Trainer Michael Fink im Vergleich zur Vorwoche 4 Stammspieler ersetzen musste. So kam der erst 15-j\u00e4hrige Youngster Elias Baldauf zu seinem ersten Einsatz im Eins von Anfang an und der 16-j\u00e4hrige Maxi Baldauf kam zu einem Kurzeinsatz, wie alle anderen meisterten auch sie ihre Aufgaben sehr gut. Bravo Burschen, weiter so!<\/p>\n<p>Ein gro\u00dfes Dankesch\u00f6n geht auch nochmal an den Matchballsponsor, unsere Freunde der Fachschaft Chemie der Uni Konstanz, vielen Dank f\u00fcr eure tolle Unterst\u00fctzung bei diesen widrigen Bedingungen. Wir freuen uns schon auf euren n\u00e4chsten Besuch!<\/p>\n<p>Bereits am kommenden Mittwoch steht das n\u00e4chste Meisterschaftsspiel auf dem Programm. Um 14.30 Uhr m\u00fcssen unsere Jungs beim SK Meiningen ran, wieder eine schwere Aufgabe, die Meininger haben einen richtigen Lauf im Fr\u00fchling und sind bereits bis auf den 5. Tabellenplatz vorger\u00fcckt.<\/p>\n<p>Aufstellung: TW Michael Feurle, 3 Sandro Delfauro, 6 Azim Aydin, 7 Patrick Eller, 9 Stefan Eienbach, 11 Martin Sinz, 14 Elias Baldauf, 18 Alexander Epp, 19 Johpan Wolf, 20 David Heidegger, 23 Marcel Praml<\/p>\n<p>Ersatzbank:\u00a0ET Lucas V\u00f6gel, 4 Maximilian Baldauf, 12 Raphael Knill, 17 Kevin M\u00fcller<\/p>\n<p>Auswechslungen:<br \/>\n67.: <a class=\"spielerDetail\" href=\"https:\/\/www.fussballoesterreich.at\/netzwerk\/spielerdetails\/9\/670725461856634215_100094~1338884999831395219~0.htm\">Kevin M\u00fcller<\/a> f\u00fcr <a class=\"spielerDetail\" href=\"https:\/\/www.fussballoesterreich.at\/netzwerk\/spielerdetails\/2\/670725461856634215_100094~1340560054223079712~0.htm\">Marcel Praml<\/a><br \/>\n72.: <a class=\"spielerDetail\" href=\"https:\/\/www.fussballoesterreich.at\/netzwerk\/spielerdetails\/9\/670725461856634215_100094~1338884965471656849~0.htm\">Raphael Knill<\/a> f\u00fcr <a class=\"spielerDetail\" href=\"https:\/\/www.fussballoesterreich.at\/netzwerk\/spielerdetails\/0\/670725461856634215_100094~1338884690593749420~0.htm\">Azim Aydin<\/a><br \/>\n87.: <a class=\"spielerDetail\" href=\"https:\/\/www.fussballoesterreich.at\/netzwerk\/spielerdetails\/9\/670725461856634215_100094~1408063093158292559~0.htm\">Maximilian Baldauf<\/a> f\u00fcr <a class=\"spielerDetail\" href=\"https:\/\/www.fussballoesterreich.at\/netzwerk\/spielerdetails\/5\/670725461856634215_100094~1338884759313226535~0.htm\">Sandro Delfauro<\/a><\/p>\n<p>Tore:<br \/>\n0:1: <a class=\"spielerDetail\" href=\"https:\/\/www.fussballoesterreich.at\/netzwerk\/spielerdetails\/7\/670725461856634215_100094~1340565380015970677~0.htm\">H\u00fcseyin Zengin<\/a> (16.)\u00a00:2: <a class=\"spielerDetail\" href=\"https:\/\/www.fussballoesterreich.at\/netzwerk\/spielerdetails\/7\/670725461856634215_100094~1340565380015970677~0.htm\">H\u00fcseyin Zengin<\/a> (22.)\u00a01:2: <a class=\"spielerDetail\" href=\"https:\/\/www.fussballoesterreich.at\/netzwerk\/spielerdetails\/5\/670725461856634215_100094~1340971494976599545~0.htm\">Patrick Eller<\/a> (28.)\u00a02:2: <a class=\"spielerDetail\" href=\"https:\/\/www.fussballoesterreich.at\/netzwerk\/spielerdetails\/0\/670725461856634215_100094~1338884690593749420~0.htm\">Azim Aydin<\/a> (37.)\u00a02:3: <a class=\"spielerDetail\" href=\"https:\/\/www.fussballoesterreich.at\/netzwerk\/spielerdetails\/9\/670725461856634215_100094~1340566187469824039~0.htm\">Simon H\u00e4fele<\/a> (57.)\u00a02:4: <a class=\"spielerDetail\" href=\"https:\/\/www.fussballoesterreich.at\/netzwerk\/spielerdetails\/6\/670725461856634215_100094~1341898623746954596~0.htm\">Kristijan Makovec<\/a> (90+2.)<\/p>\n<p>Gelbe Karten:<br \/>\n24.: <a class=\"spielerDetail\" href=\"https:\/\/www.fussballoesterreich.at\/netzwerk\/spielerdetails\/6\/670725461856634215_100094~1338885085730741236~0.htm\">Johpan Wolf<\/a> (Unsportl.)<br \/>\n40.: <a class=\"spielerDetail\" href=\"https:\/\/www.fussballoesterreich.at\/netzwerk\/spielerdetails\/1\/670725461856634215_100094~1338884776493095721~0.htm\">Alexander Epp<\/a> (Foul)<br \/>\n85.: <a class=\"spielerDetail\" href=\"https:\/\/www.fussballoesterreich.at\/netzwerk\/spielerdetails\/9\/670725461856634215_100094~1338884999831395219~0.htm\">Kevin M\u00fcller<\/a> (Kritik)<\/p>\n<p>Zuschauer: 250 \/ Schiedsrichter: Alexander Muxel<\/p>\n","protected":false},"excerpt":{"rendered":"<p>Am vergangenen Samstag gab es leider wieder keine Punkte f\u00fcr unser Eins. Mit 2-4 musste man sich dem FC Lustenau geschlagen geben. Unser 1b verlor denkbar knapp mit 1-2 gegen den FC Nenzing 1b.<\/p>\n","protected":false},"author":6,"featured_media":0,"comment_status":"open","ping_status":"closed","sticky":false,"template":"","format":"standard","meta":{"spay_email":""},"categories":[1],"tags":[],"aioseo_notices":[],"jetpack_featured_media_url":"","_links":{"self":[{"href":"http:\/\/fcsulzberg.at.host24.profi-server.at\/index.php?rest_route=\/wp\/v2\/posts\/7394"}],"collection":[{"href":"http:\/\/fcsulzberg.at.host24.profi-server.at\/index.php?rest_route=\/wp\/v2\/posts"}],"about":[{"href":"http:\/\/fcsulzberg.at.host24.profi-server.at\/index.php?rest_route=\/wp\/v2\/types\/post"}],"author":[{"embeddable":true,"href":"http:\/\/fcsulzberg.at.host24.profi-server.at\/index.php?rest_route=\/wp\/v2\/users\/6"}],"replies":[{"embeddable":true,"href":"http:\/\/fcsulzberg.at.host24.profi-server.at\/index.php?rest_route=%2Fwp%2Fv2%2Fcomments&post=7394"}],"version-history":[{"count":3,"href":"http:\/\/fcsulzberg.at.host24.profi-server.at\/index.php?rest_route=\/wp\/v2\/posts\/7394\/revisions"}],"predecessor-version":[{"id":7402,"href":"http:\/\/fcsulzberg.at.host24.profi-server.at\/index.php?rest_route=\/wp\/v2\/posts\/7394\/revisions\/7402"}],"wp:attachment":[{"href":"http:\/\/fcsulzberg.at.host24.profi-server.at\/index.php?rest_route=%2Fwp%2Fv2%2Fmedia&parent=7394"}],"wp:term":[{"taxonomy":"category","embeddable":true,"href":"http:\/\/fcsulzberg.at.host24.profi-server.at\/index.php?rest_route=%2Fwp%2Fv2%2Fcategories&post=7394"},{"taxonomy":"post_tag","embeddable":true,"href":"http:\/\/fcsulzberg.at.host24.profi-server.at\/index.php?rest_route=%2Fwp%2Fv2%2Ftags&post=7394"}],"curies":[{"name":"wp","href":"https:\/\/api.w.org\/{rel}","templated":true}]}}