{"id":7403,"date":"2019-05-13T12:55:56","date_gmt":"2019-05-13T10:55:56","guid":{"rendered":"http:\/\/fcsulzberg.at.host24.profi-server.at\/?p=7403"},"modified":"2019-05-13T12:55:56","modified_gmt":"2019-05-13T10:55:56","slug":"auswaertssieg-in-frastanz","status":"publish","type":"post","link":"http:\/\/fcsulzberg.at.host24.profi-server.at\/?p=7403","title":{"rendered":"Ausw\u00e4rtssieg in Frastanz"},"content":{"rendered":"<p>Endlich die ersten 3 Punkte eingefahren, man konnte nach dem Schlusspfiff in Frastanz f\u00f6rmlich h\u00f6ren, wie unseren Spielern und Trainer Michael Fink ein riesengro\u00dfer Stein vom Herzen gefallen ist. Mit einem knappen 2-1 fuhren unsere Jungs den ersten Sieg seit dem 03.11.2018 ein. Unser 1b musste sich in einer guten Partie dem Tabellenf\u00fchrer aus Mellau knapp mit 1-3 geschlagen geben, zeigte aber wieder einer gute Leistung.<\/p>\n<p><!--more--><\/p>\n<p>Die Zuschauer in Frastanz bekamen bei ungem\u00fctlichen \u00e4u\u00dferen Bedingungen ein kampfbetontes und spannendes Match zu sehen. Die Hausherren waren zu Beginn klar spielbestimmend, konnten aber aus den klaren Chancen keinen Nutzen ziehen. Erst in der 26. Minute war es Marjanovic, der sich nach feinem Zuspiel freistehend vor Michael Feurle nicht zweimal bitten lie\u00df und zum 1-0 f\u00fcr Frastanz einscho\u00df. Man musste auf Sulzberger Seite bereits schon wieder das Schlimmste bef\u00fcrchten, doch unsere Jungs ackerten und k\u00e4mpften sich in diese Partie zur\u00fcck. Nach einem weiten Abschlag von unserem Goalie Michael Feurle, legte Martin Sinz den Ball musterg\u00fcltig in den Lauf von Patrick Eller, der zum 1-1 vollstreckte (39.). Nur wenige Minuten sp\u00e4ter war es eine sch\u00f6ne Kombination im Mittelfeld von der aus der Ball zu Stefan Eienbach gelangte, dieser suchte und fand wiederum Patrick Eller, welcher aus 10 Metern unhaltbar zum 2-1 einschob (44.).<br \/>\nIn der zweiten H\u00e4lfte ging es rauf und runter, beide Teams spielten voll auf Sieg. Die Frastanzer setzten unsere Defensive ein ums andere Mal ordentlich unter Druck, aber ohne Erfolg. Mit viel Wille, Einsatz und Leidenschaft konnten wir die knappe F\u00fchrung \u00fcber die Zeit retten und feierten den ersten Dreier im Fr\u00fchjahr. Nach dem Schlusspfiff war der Jubel bei Mannschaft und Trainer nat\u00fcrlich riesengro\u00df, ein Kompliment an unsere Jungs f\u00fcr die gezeigte Leistung!<\/p>\n<p>Wieder mit knappem Kader mu\u00dfte unser 1b zum Tabellenf\u00fchrer nach Mellau reisen. Die Mannschaft um Kapit\u00e4n Aron Kirmayr zeigte keinen Respekt und ging nach starkem Beginn durch Maxi Baldauf in F\u00fchrung. Kurz darauf mussten wir durch eine sehr fragw\u00fcrdige Abseitsentscheidung das 1:1 hinnehmen.<br \/>\nNoch vor der Halbzeit ging Mellau durch eine Unachtsamkeit 2:1 in F\u00fchrung. Die von Trainer Egon V\u00f6gel gut eingestellt Truppe hielt mit viel Kampf und Einsatz lange dagegen. Mellau scheiterte doch mehrmals am gut agierenden Torwart Lukas V\u00f6gel und mu\u00dfte nur noch durch ein Traumtor aus 30m das 3:1 hin nehmen.<br \/>\nAuf den zuletzt gezeigten Leistungen kann sicher aufgebaut werden und das stimmt zuversichtlich f\u00fcr die n\u00e4chsten schweren Partien.<\/p>\n<p>Am kommenden Samstag geht es f\u00fcr unser 1b gegen den SCM Vandals, unser Eins hat den FC Hard zu Gast.<\/p>\n<p>Aufstellung: TW Michael Feurle, 3 Sandro Delfauro, 4 Tobias V\u00f6gel, 7 Patrick Eller, 9 Stefan Eienbach, 11 Martin Sinz, 13 Klaus Hirschb\u00fchl, 16 Robert Schellander, 19 Johpan Wolf, 20 David Heidegger, 23 Marcel Praml<\/p>\n<p>Ersatzbank:\u00a0ET Martin Gigler, 6 Azim Aydin,\u00a012 Raphael Knill, 14 Michael Fink<\/p>\n<p>Auswechslungen:<br \/>\n83.: <a class=\"spielerDetail\" href=\"https:\/\/www.fussballoesterreich.at\/netzwerk\/spielerdetails\/9\/670725461856634215_100094~1338884965471656849~0.htm\">Raphael Knill<\/a> f\u00fcr <a class=\"spielerDetail\" href=\"https:\/\/www.fussballoesterreich.at\/netzwerk\/spielerdetails\/5\/670725461856634215_100094~1340971494976599545~0.htm\">Patrick Eller<\/a><br \/>\n88.: <a class=\"spielerDetail\" href=\"https:\/\/www.fussballoesterreich.at\/netzwerk\/spielerdetails\/0\/670725461856634215_100094~1338884690593749420~0.htm\">Azim Aydin<\/a> f\u00fcr <a class=\"spielerDetail\" href=\"https:\/\/www.fussballoesterreich.at\/netzwerk\/spielerdetails\/6\/670725461856634215_100094~1338884759313226536~0.htm\">Stefan Eienbach<\/a><br \/>\n90+3.: <a class=\"spielerDetail\" href=\"https:\/\/www.fussballoesterreich.at\/netzwerk\/spielerdetails\/4\/670725461856634215_100094~1338884845212572464~0.htm\">Michael Fink<\/a> f\u00fcr <a class=\"spielerDetail\" href=\"https:\/\/www.fussballoesterreich.at\/netzwerk\/spielerdetails\/0\/670725461856634215_100094~1338885034191133680~0.htm\">Martin Sinz<\/a><\/p>\n<p>Tore:<br \/>\n1:0: <a class=\"spielerDetail\" href=\"https:\/\/www.fussballoesterreich.at\/netzwerk\/spielerdetails\/9\/670725461856634215_100094~1341912951808294149~0.htm\">Igor Marjanovic<\/a> (26.)\u00a01:1: <a class=\"spielerDetail\" href=\"https:\/\/www.fussballoesterreich.at\/netzwerk\/spielerdetails\/5\/670725461856634215_100094~1340971494976599545~0.htm\">Patrick Eller<\/a> (39.)\u00a01:2: <a class=\"spielerDetail\" href=\"https:\/\/www.fussballoesterreich.at\/netzwerk\/spielerdetails\/5\/670725461856634215_100094~1340971494976599545~0.htm\">Patrick Eller<\/a> (44.)<\/p>\n<p>Gelbe Karten:<br \/>\n8.: <a class=\"spielerDetail\" href=\"https:\/\/www.fussballoesterreich.at\/netzwerk\/spielerdetails\/6\/670725461856634215_100094~1338884759313226536~0.htm\">Stefan Eienbach<\/a> (Foul)<br \/>\n36.: <a class=\"spielerDetail\" href=\"https:\/\/www.fussballoesterreich.at\/netzwerk\/spielerdetails\/4\/670725461856634215_100094~1338884913932049214~0.htm\">David Heidegger<\/a> (Foul)<br \/>\n62.: <a class=\"spielerDetail\" href=\"https:\/\/www.fussballoesterreich.at\/netzwerk\/spielerdetails\/6\/670725461856634215_100094~1338884913932049296~0.htm\">Klaus Hirschb\u00fchl<\/a> (Foul)<br \/>\n89.: <a class=\"spielerDetail\" href=\"https:\/\/www.fussballoesterreich.at\/netzwerk\/spielerdetails\/5\/670725461856634215_100094~1338885085730741235~0.htm\">Tobias V\u00f6gel<\/a> (Foul)<\/p>\n<p>Zuschauer: 200 \/ Schiedsrichter: Drago Jankovic<\/p>\n","protected":false},"excerpt":{"rendered":"<p>Endlich die ersten 3 Punkte eingefahren, man konnte nach dem Schlusspfiff in Frastanz f\u00f6rmlich h\u00f6ren, wie unseren Spielern und Trainer Michael Fink ein riesengro\u00dfer Stein vom Herzen gefallen ist. Mit einem knappen 2-1 fuhren unsere Jungs den ersten Sieg seit dem 03.11.2018 ein. Unser 1b musste sich in einer guten Partie dem Tabellenf\u00fchrer aus Mellau &hellip; <a href=\"http:\/\/fcsulzberg.at.host24.profi-server.at\/?p=7403\" class=\"more-link\"><span class=\"screen-reader-text\">Ausw\u00e4rtssieg in Frastanz<\/span> weiterlesen <span class=\"meta-nav\">&rarr;<\/span><\/a><\/p>\n","protected":false},"author":6,"featured_media":0,"comment_status":"open","ping_status":"closed","sticky":false,"template":"","format":"standard","meta":{"spay_email":""},"categories":[1],"tags":[],"aioseo_notices":[],"jetpack_featured_media_url":"","_links":{"self":[{"href":"http:\/\/fcsulzberg.at.host24.profi-server.at\/index.php?rest_route=\/wp\/v2\/posts\/7403"}],"collection":[{"href":"http:\/\/fcsulzberg.at.host24.profi-server.at\/index.php?rest_route=\/wp\/v2\/posts"}],"about":[{"href":"http:\/\/fcsulzberg.at.host24.profi-server.at\/index.php?rest_route=\/wp\/v2\/types\/post"}],"author":[{"embeddable":true,"href":"http:\/\/fcsulzberg.at.host24.profi-server.at\/index.php?rest_route=\/wp\/v2\/users\/6"}],"replies":[{"embeddable":true,"href":"http:\/\/fcsulzberg.at.host24.profi-server.at\/index.php?rest_route=%2Fwp%2Fv2%2Fcomments&post=7403"}],"version-history":[{"count":4,"href":"http:\/\/fcsulzberg.at.host24.profi-server.at\/index.php?rest_route=\/wp\/v2\/posts\/7403\/revisions"}],"predecessor-version":[{"id":7407,"href":"http:\/\/fcsulzberg.at.host24.profi-server.at\/index.php?rest_route=\/wp\/v2\/posts\/7403\/revisions\/7407"}],"wp:attachment":[{"href":"http:\/\/fcsulzberg.at.host24.profi-server.at\/index.php?rest_route=%2Fwp%2Fv2%2Fmedia&parent=7403"}],"wp:term":[{"taxonomy":"category","embeddable":true,"href":"http:\/\/fcsulzberg.at.host24.profi-server.at\/index.php?rest_route=%2Fwp%2Fv2%2Fcategories&post=7403"},{"taxonomy":"post_tag","embeddable":true,"href":"http:\/\/fcsulzberg.at.host24.profi-server.at\/index.php?rest_route=%2Fwp%2Fv2%2Ftags&post=7403"}],"curies":[{"name":"wp","href":"https:\/\/api.w.org\/{rel}","templated":true}]}}