{"id":7413,"date":"2019-05-20T07:56:39","date_gmt":"2019-05-20T05:56:39","guid":{"rendered":"http:\/\/fcsulzberg.at.host24.profi-server.at\/?p=7413"},"modified":"2019-05-20T07:56:39","modified_gmt":"2019-05-20T05:56:39","slug":"heimsieg-gegen-hard","status":"publish","type":"post","link":"http:\/\/fcsulzberg.at.host24.profi-server.at\/?p=7413","title":{"rendered":"Heimsieg gegen Hard"},"content":{"rendered":"<p>Nachdem unser Eins bereits letzte Woche beim SV Frastanz die ersten drei Punkte im Fr\u00fchjahr eingefahren hat, legten unsere Jungs im Heimspiel gegen den FC Hard nach und gewannen verdient mit 3-0. F\u00fcr unser 1b reichte es leider nicht, trotz ansprechender Leistung verlor man gegen den SCM Vandans mit 1-5.<\/p>\n<p><!--more--><\/p>\n<p>Michael Fink musste in der Partie gegen den FC Hard wieder einmal improvisieren, im Vergleich zur Vorwoche fehlten ihm 3 Spieler und so wurde die Anfangsformation ordentlich durchgemischt. Von Beginn an hatte man das Gef\u00fchl, dass etwas drin ist f\u00fcr unsere Mannschaft. Wie schon in Frastanz traten wir aggressiv und bissig in den Zweik\u00e4mpfen auf und waren oftmals den ber\u00fchmten Schritt eher am Ball als die G\u00e4ste. In der 21. Minute wurde Patrick Eller per feinem Zuspiel auf die Reise geschickt, diese Chance lie\u00df er sich nicht nehmen und vollstreckte zum 1-0. Die G\u00e4ste kamen nicht wirklich gef\u00e4hrlich vor unser Tor, versuchten aber immer wieder \u00fcber viel Ballbesitz ins Spiel zu finden, blieben aber ein ums andere Mal an unserer starken Defensive h\u00e4ngen. So ging es mit der knappen F\u00fchrung in die Pause. Nach der Halbzeit dauerte es nur wenige Minuten ehe wiederum Patrick Eller auf 2-0 stellte, er setzte sich Klasse gegen 2 Harder Verteidiger durch und knallte das Leder unter die Latte (49.). Die Harder mussten nun mehr riskieren und kamen auf ihrer Seite zu guten Chancen auf den Anschlusstreffer. In dieser Phase war es unserem Goalie Michael Feurle zu verdanken, dass es beim 2-0 blieb, mit starken Paraden hielt er seinen Kasten sauber. Unsere Jungs k\u00e4mpften weiter aufopferungsvoll um jeden Ball und nahmen so den Hardern wieder etwas den Wind aus den Segeln. In der 78. Minute dann das Highlight des Tages, der eingewechselte Elias Baldauf schnappte sich 20 Meter vor dem Kasten der G\u00e4ste das Leder und h\u00e4mmerte es unhaltbar ins Kreuzeck zum 3-0, Marke &#8222;Tor des Monats&#8220;. Nun gab es kein Halten mehr, der Jubel auf und neben dem Platz kannte keine Grenzen, \u00fcber diesen tollen Treffer des 15-j\u00e4hrigen Youngsters. Bis zum Ende passierte dann nicht mehr viel und so konnten sich Trainer Michael Fink und seine Jungs \u00fcber diesen verdienten Sieg freuen. Eine tolle Leistung der gesamten Mannschaft, weiter so Burschen!<\/p>\n<p>Unser 1b kam am Ende gegen den SCM Vandans etwas unter die R\u00e4der, obwohl man lange sehr gut mitgehalten hat. Gegen den Tabellenzweiten machte man sich aber leider das Leben wieder selbst schwer und geriet per Doppelschlag nach 25 Minuten mit 2-0 in R\u00fcckstand. Philipp Huber verk\u00fcrzte kurz vor der Pause per Kopf auf 2-1, doch mehr war leider nicht drin. Die G\u00e4ste kamen nach der Pause noch zu weiteren 3 Treffern und gewannen am Ende zwar verdient, doch um 1-2 Tore zu hoch.<\/p>\n<p>Am kommenden Wochenende m\u00fcssen unsere beiden Mannschaften dann ausw\u00e4rts ran, unser 1b spielt am Samstag beim FC Schruns 1b, am Sonntag dann unser Eins beim SK Brederis.<\/p>\n<p>Aufstellung: TW Michael Feurle, 3 Sandro Delfauro, 6 Azim Aydin, 7 Patrick Eller, 8 Dietmar Spiegel, 9 Stefan Eienbach, 12 Raphael Knill, 13 Klaus Hirschb\u00fchl, 16 Robert Schellander, 19 Johpan Wolf, 23 Marcel Praml<\/p>\n<p>Ersatzbank:\u00a0ET Lucas V\u00f6gel, 11 Maximilian Baldauf,\u00a014 Elias Baldauf, 18 Alex Epp<\/p>\n<p>Auswechslungen:<br \/>\n63.: <a class=\"spielerDetail\" href=\"https:\/\/www.fussballoesterreich.at\/netzwerk\/spielerdetails\/3\/670725461856634215_100094~1402972440237456653~0.htm\">Elias Baldauf<\/a> f\u00fcr <a class=\"spielerDetail\" href=\"https:\/\/www.fussballoesterreich.at\/netzwerk\/spielerdetails\/5\/670725461856634215_100094~1340971494976599545~0.htm\">Patrick Eller<\/a><br \/>\n81.: <a class=\"spielerDetail\" href=\"https:\/\/www.fussballoesterreich.at\/netzwerk\/spielerdetails\/1\/670725461856634215_100094~1338884776493095721~0.htm\">Alexander Epp<\/a> f\u00fcr <a class=\"spielerDetail\" href=\"https:\/\/www.fussballoesterreich.at\/netzwerk\/spielerdetails\/4\/670725461856634215_100094~1340494341273621194~0.htm\">Robert Schellander<\/a><\/p>\n<p>Tore:<br \/>\n1:0: <a class=\"spielerDetail\" href=\"https:\/\/www.fussballoesterreich.at\/netzwerk\/spielerdetails\/5\/670725461856634215_100094~1340971494976599545~0.htm\">Patrick Eller<\/a> (21.)<br \/>\n2:0: <a class=\"spielerDetail\" href=\"https:\/\/www.fussballoesterreich.at\/netzwerk\/spielerdetails\/5\/670725461856634215_100094~1340971494976599545~0.htm\">Patrick Eller<\/a> (49.)<br \/>\n3:0: <a class=\"spielerDetail\" href=\"https:\/\/www.fussballoesterreich.at\/netzwerk\/spielerdetails\/3\/670725461856634215_100094~1402972440237456653~0.htm\">Elias Baldauf<\/a> (78.)<\/p>\n<p>Gelbe Karten:<br \/>\n51.: <a class=\"spielerDetail\" href=\"https:\/\/www.fussballoesterreich.at\/netzwerk\/spielerdetails\/4\/670725461856634215_100094~1340494341273621194~0.htm\">Robert Schellander<\/a> (Foul)<br \/>\n54.: <a class=\"spielerDetail\" href=\"https:\/\/www.fussballoesterreich.at\/netzwerk\/spielerdetails\/6\/670725461856634215_100094~1338885085730741236~0.htm\">Johpan Wolf<\/a> (Foul)<br \/>\n83.: <a class=\"spielerDetail\" href=\"https:\/\/www.fussballoesterreich.at\/netzwerk\/spielerdetails\/6\/670725461856634215_100094~1338884759313226536~0.htm\">Stefan Eienbach<\/a> (Unsportl.)<\/p>\n<p>Zuschauer: 267 \/ Schiedsrichter: Bernd B\u00f6ckle<\/p>\n","protected":false},"excerpt":{"rendered":"<p>Nachdem unser Eins bereits letzte Woche beim SV Frastanz die ersten drei Punkte im Fr\u00fchjahr eingefahren hat, legten unsere Jungs im Heimspiel gegen den FC Hard nach und gewannen verdient mit 3-0. F\u00fcr unser 1b reichte es leider nicht, trotz ansprechender Leistung verlor man gegen den SCM Vandans mit 1-5.<\/p>\n","protected":false},"author":6,"featured_media":0,"comment_status":"open","ping_status":"closed","sticky":false,"template":"","format":"standard","meta":{"spay_email":""},"categories":[1],"tags":[],"aioseo_notices":[],"jetpack_featured_media_url":"","_links":{"self":[{"href":"http:\/\/fcsulzberg.at.host24.profi-server.at\/index.php?rest_route=\/wp\/v2\/posts\/7413"}],"collection":[{"href":"http:\/\/fcsulzberg.at.host24.profi-server.at\/index.php?rest_route=\/wp\/v2\/posts"}],"about":[{"href":"http:\/\/fcsulzberg.at.host24.profi-server.at\/index.php?rest_route=\/wp\/v2\/types\/post"}],"author":[{"embeddable":true,"href":"http:\/\/fcsulzberg.at.host24.profi-server.at\/index.php?rest_route=\/wp\/v2\/users\/6"}],"replies":[{"embeddable":true,"href":"http:\/\/fcsulzberg.at.host24.profi-server.at\/index.php?rest_route=%2Fwp%2Fv2%2Fcomments&post=7413"}],"version-history":[{"count":1,"href":"http:\/\/fcsulzberg.at.host24.profi-server.at\/index.php?rest_route=\/wp\/v2\/posts\/7413\/revisions"}],"predecessor-version":[{"id":7414,"href":"http:\/\/fcsulzberg.at.host24.profi-server.at\/index.php?rest_route=\/wp\/v2\/posts\/7413\/revisions\/7414"}],"wp:attachment":[{"href":"http:\/\/fcsulzberg.at.host24.profi-server.at\/index.php?rest_route=%2Fwp%2Fv2%2Fmedia&parent=7413"}],"wp:term":[{"taxonomy":"category","embeddable":true,"href":"http:\/\/fcsulzberg.at.host24.profi-server.at\/index.php?rest_route=%2Fwp%2Fv2%2Fcategories&post=7413"},{"taxonomy":"post_tag","embeddable":true,"href":"http:\/\/fcsulzberg.at.host24.profi-server.at\/index.php?rest_route=%2Fwp%2Fv2%2Ftags&post=7413"}],"curies":[{"name":"wp","href":"https:\/\/api.w.org\/{rel}","templated":true}]}}