{"id":7809,"date":"2019-09-09T11:30:40","date_gmt":"2019-09-09T09:30:40","guid":{"rendered":"http:\/\/fcsulzberg.at.host24.profi-server.at\/?p=7809"},"modified":"2019-09-09T11:30:40","modified_gmt":"2019-09-09T09:30:40","slug":"null-punkte-wochenende-3","status":"publish","type":"post","link":"http:\/\/fcsulzberg.at.host24.profi-server.at\/?p=7809","title":{"rendered":"Null-Punkte-Wochenende"},"content":{"rendered":"<p>Nichts zu holen gab es f\u00fcr unsere Kampfmannschaften am gestrigen Sonntag im Alpenstadion. Unser 1b unterlag denkbar knapp der zweiten Garnitur des FC Schruns mit 0-1, im Anschlu\u00df musste sich unser Eins dem Tabellenf\u00fchrer aus Sulz mit 1-2 geschlagen geben.<\/p>\n<p><!--more--><\/p>\n<p>Trotz der widrigen \u00e4u\u00dferen Bedingungen fanden sich doch einige Zuschauer im Alpenstadion ein um das Spitzenspiel der Landesliga zu verfolgen. Die G\u00e4ste aus Sulz machten von Anfang an klar, dass sie durchaus Punkte mit nach Hause nehmen wollten. Die ersten 25 Minuten waren daher auch klar in G\u00e4ste-Hand. Zu diesem Zeitpunkt konnten sich unsere Jungs bei Goalie Michael Feurle bedanken, welcher unser Team mit tollen Paraden vor einem fr\u00fchen R\u00fcckstand bewahrte. Ab Mitte der ersten H\u00e4lfte kamen dann auch die Spieler von Coach Michael Fink besser in die Partie und erspielten sich auf ihrer Seite ein paar gute M\u00f6glichkeiten. Eine sch\u00f6ne Kombination \u00fcber Sandro Delfauro und Partick Eller landete bei Stefan Eienbach, welcher aus kurzer Distanz zum 1-0 einschob (41.). Mit dieser knappen Pausenf\u00fchrung ging es dann in die Kabinen. Der Trainer der G\u00e4ste Marco Bickel muss hier die richtigen Worte gefunden haben, den nun kamen die Sulner wie die sprichw\u00f6rtliche Feuerwehr und setzten unser Eins gewaltig unter Druck. Unsere Jungs versuchten durch gro\u00dfen Einsatz und Kampf dagegenzuhalten, f\u00fcr Entlastung konnten wir aber kaum mehr sorgen. So war das 1-1 in der 70. Minute durch Svecak mit einem abgef\u00e4lschten Schuss nur die logische Konsequenz. Leider kam es noch bitterer f\u00fcr unsere Jungs, quasi mit dem Schlusspfiff schoss Haller nach einer Standardsituation zum 1-2 f\u00fcr Sulz ein (90.). Kurz darauf beendete der gut leitende Jakob Rigger die Partie und die Heimniederlage war perfekt.<br \/>\nMan muss an diesem Tage einfach konstatieren, dass unser Gegner aus Sulz v\u00f6llig verdient gewonnen hat, so bitter das auch f\u00fcr unsere Jungs und Trainer Michael Fink ist. Jetzt hei\u00dft es Kopf hoch und auf die anstehenden Aufgaben fokussieren, damit man den Anschlu\u00df an die vordere Tabellenregion nicht verliert.<br \/>\nZuerst geht es aber am Dienstag zum SC Hohenweiler, 3. Runde des VFV-Cups steht an. Anpfiff ist hier bereits um 17.30 Uhr!!!! W\u00e4re top wenn es unsere Jungs in die n\u00e4chste Runde schaffen k\u00f6nnten.<\/p>\n<p>Aufstellung: TW Michael Feurle, 3 Sandro Delfauro, 6 Florian Felder, 7 Patrick Eller, 8 Dietmar Spiegel, 9 Stefan Eienbach, 13 Klaus Hirschb\u00fchl, 14 Yannick Alber, 19 Johpan Wolf, 20 David Heidegger, 23 Marcel Praml.<\/p>\n<p>Ersatzbank:\u00a0ET Pius Schw\u00e4rzler, 4 Tobias V\u00f6gel,\u00a011 Azim Aydin, 17 Kevin M\u00fcller, 21\u00a0Niklas Greif.<\/p>\n<p>Auswechslungen:<\/p>\n<ul>\n<li>76.: <a class=\"spielerDetail\" href=\"https:\/\/www.fussballoesterreich.at\/netzwerk\/spielerdetails\/2\/670725461856634215_100094~1421669669777271452~0.htm\">Niklas Greif<\/a> f\u00fcr <a class=\"spielerDetail\" href=\"https:\/\/www.fussballoesterreich.at\/netzwerk\/spielerdetails\/4\/670725461856634215_100094~1421669549518187154~0.htm\">Stefan Eienbach<\/a><\/li>\n<li>82.: <a class=\"spielerDetail\" href=\"https:\/\/www.fussballoesterreich.at\/netzwerk\/spielerdetails\/2\/670725461856634215_100094~1421668037689697432~0.htm\">Tobias V\u00f6gel<\/a> f\u00fcr <a class=\"spielerDetail\" href=\"https:\/\/www.fussballoesterreich.at\/netzwerk\/spielerdetails\/0\/670725461856634215_100094~1421667951790351340~0.htm\">Yannick Alber<\/a><\/li>\n<li>83.: <a class=\"spielerDetail\" href=\"https:\/\/www.fussballoesterreich.at\/netzwerk\/spielerdetails\/9\/670725461856634215_100094~1421669772856486559~0.htm\">Kevin M\u00fcller<\/a> f\u00fcr <a class=\"spielerDetail\" href=\"https:\/\/www.fussballoesterreich.at\/netzwerk\/spielerdetails\/4\/670725461856634215_100094~1421669790036355744~0.htm\">Marcel Praml<\/a><\/li>\n<\/ul>\n<p>Tore:<\/p>\n<ul>\n<li>1:0: <a class=\"spielerDetail\" href=\"https:\/\/www.fussballoesterreich.at\/netzwerk\/spielerdetails\/4\/670725461856634215_100094~1421669549518187154~0.htm\">Stefan Eienbach<\/a> (41.)<\/li>\n<li>1:1: <a class=\"spielerDetail\" href=\"https:\/\/www.fussballoesterreich.at\/netzwerk\/spielerdetails\/4\/670725461856634215_100094~1423561585726176894~0.htm\">Adrian Svecak<\/a> (70.)<\/li>\n<li>1:2: <a class=\"spielerDetail\" href=\"https:\/\/www.fussballoesterreich.at\/netzwerk\/spielerdetails\/9\/670725461856634215_100094~1423561276488531459~0.htm\">Christoph Haller<\/a> (90.)<\/li>\n<\/ul>\n<p>Zuschauer: 200 \/ Schiedsrichter: Jakob Rigger<\/p>\n","protected":false},"excerpt":{"rendered":"<p>Nichts zu holen gab es f\u00fcr unsere Kampfmannschaften am gestrigen Sonntag im Alpenstadion. Unser 1b unterlag denkbar knapp der zweiten Garnitur des FC Schruns mit 0-1, im Anschlu\u00df musste sich unser Eins dem Tabellenf\u00fchrer aus Sulz mit 1-2 geschlagen geben.<\/p>\n","protected":false},"author":6,"featured_media":0,"comment_status":"open","ping_status":"closed","sticky":false,"template":"","format":"standard","meta":{"spay_email":""},"categories":[1],"tags":[],"aioseo_notices":[],"jetpack_featured_media_url":"","_links":{"self":[{"href":"http:\/\/fcsulzberg.at.host24.profi-server.at\/index.php?rest_route=\/wp\/v2\/posts\/7809"}],"collection":[{"href":"http:\/\/fcsulzberg.at.host24.profi-server.at\/index.php?rest_route=\/wp\/v2\/posts"}],"about":[{"href":"http:\/\/fcsulzberg.at.host24.profi-server.at\/index.php?rest_route=\/wp\/v2\/types\/post"}],"author":[{"embeddable":true,"href":"http:\/\/fcsulzberg.at.host24.profi-server.at\/index.php?rest_route=\/wp\/v2\/users\/6"}],"replies":[{"embeddable":true,"href":"http:\/\/fcsulzberg.at.host24.profi-server.at\/index.php?rest_route=%2Fwp%2Fv2%2Fcomments&post=7809"}],"version-history":[{"count":1,"href":"http:\/\/fcsulzberg.at.host24.profi-server.at\/index.php?rest_route=\/wp\/v2\/posts\/7809\/revisions"}],"predecessor-version":[{"id":7810,"href":"http:\/\/fcsulzberg.at.host24.profi-server.at\/index.php?rest_route=\/wp\/v2\/posts\/7809\/revisions\/7810"}],"wp:attachment":[{"href":"http:\/\/fcsulzberg.at.host24.profi-server.at\/index.php?rest_route=%2Fwp%2Fv2%2Fmedia&parent=7809"}],"wp:term":[{"taxonomy":"category","embeddable":true,"href":"http:\/\/fcsulzberg.at.host24.profi-server.at\/index.php?rest_route=%2Fwp%2Fv2%2Fcategories&post=7809"},{"taxonomy":"post_tag","embeddable":true,"href":"http:\/\/fcsulzberg.at.host24.profi-server.at\/index.php?rest_route=%2Fwp%2Fv2%2Ftags&post=7809"}],"curies":[{"name":"wp","href":"https:\/\/api.w.org\/{rel}","templated":true}]}}