{"id":7836,"date":"2019-10-03T10:06:36","date_gmt":"2019-10-03T08:06:36","guid":{"rendered":"http:\/\/fcsulzberg.at.host24.profi-server.at\/?p=7836"},"modified":"2019-10-03T10:06:36","modified_gmt":"2019-10-03T08:06:36","slug":"wochenendausblick","status":"publish","type":"post","link":"http:\/\/fcsulzberg.at.host24.profi-server.at\/?p=7836","title":{"rendered":"Wochenendausblick"},"content":{"rendered":"<p>Am kommenden Wochenende sind der <strong>SC G\u00f6fis 1b<\/strong> und der <strong>SK Brederis<\/strong> zu Gast im Alpenstadion.<\/p>\n<p><!--more--><\/p>\n<p>Nachdem der FC Schwarzach in der vergangenen Woche seine erste Kampfmannschaft aus dem laufenden Spielbetrieb abgemeldet hat, hat die STRUMA entschieden, dass alle bereits gespielten Partien annulliert werden. Leider trifft es auch unser Eins, anstatt 16 steht man nun bei 13 Punkten auf dem 4. Rang. Dies ist aus sportlicher Sicht schonmal \u00e4rgerlich, abgesehen davon nat\u00fcrlich auch mit finanziellen Einbu\u00dfen behaftet, da das Heimspiel unseres Eins in Folge der Abmeldung des FC Schwarzach am 02.11. 2019 entf\u00e4llt. Unser 1b wird allerdings wie geplant an diesem Termin sein Heimspiel austragen.<\/p>\n<p>Am kommenden Wochenende stehen 2 Heimspiele auf dem Programm. <strong>Unser 1b<\/strong> bekommt es um <strong>13.45 Uhr<\/strong> mit dem <strong>SC G\u00f6fis 1b<\/strong> zu tun, Coach Egon V\u00f6gel und seine Jungs werden auch hier wieder versuchen, endlich \u00a0den ersten Dreier einzufahren. Um <strong>16 Uhr<\/strong> dann die 10. Runde der Landesliga, Kapit\u00e4n Stefan Eienbach und Co. bekommen es mit dem <strong>SK Brederis<\/strong> zu tun. Ein Heimsieg ist hier fast Pflicht will man den Anschluss an die ersten 3 der Tabelle halten.<\/p>\n<p>Die Wetteraussichten sind zwar nicht so berauschend f\u00fcrs Wochenende, unsere Jungs w\u00fcrden sich nichtsdestotrotz \u00fcber euer Kommen freuen. Ein gro\u00dfes Danksch\u00f6n vorab bereits an den <strong>Matchball-Sponsor<\/strong> die Firma <strong>&#8222;Maisch\u00f6n&#8230;mir zuliebe&#8220;<\/strong> aus Sulzberg, danke an <strong>Birgit und Thomas N\u00f6ckl<\/strong> f\u00fcr die tolle Unterst\u00fctzung.<\/p>\n","protected":false},"excerpt":{"rendered":"<p>Am kommenden Wochenende sind der SC G\u00f6fis 1b und der SK Brederis zu Gast im Alpenstadion.<\/p>\n","protected":false},"author":6,"featured_media":0,"comment_status":"open","ping_status":"closed","sticky":false,"template":"","format":"standard","meta":{"spay_email":""},"categories":[1],"tags":[],"aioseo_notices":[],"jetpack_featured_media_url":"","_links":{"self":[{"href":"http:\/\/fcsulzberg.at.host24.profi-server.at\/index.php?rest_route=\/wp\/v2\/posts\/7836"}],"collection":[{"href":"http:\/\/fcsulzberg.at.host24.profi-server.at\/index.php?rest_route=\/wp\/v2\/posts"}],"about":[{"href":"http:\/\/fcsulzberg.at.host24.profi-server.at\/index.php?rest_route=\/wp\/v2\/types\/post"}],"author":[{"embeddable":true,"href":"http:\/\/fcsulzberg.at.host24.profi-server.at\/index.php?rest_route=\/wp\/v2\/users\/6"}],"replies":[{"embeddable":true,"href":"http:\/\/fcsulzberg.at.host24.profi-server.at\/index.php?rest_route=%2Fwp%2Fv2%2Fcomments&post=7836"}],"version-history":[{"count":1,"href":"http:\/\/fcsulzberg.at.host24.profi-server.at\/index.php?rest_route=\/wp\/v2\/posts\/7836\/revisions"}],"predecessor-version":[{"id":7837,"href":"http:\/\/fcsulzberg.at.host24.profi-server.at\/index.php?rest_route=\/wp\/v2\/posts\/7836\/revisions\/7837"}],"wp:attachment":[{"href":"http:\/\/fcsulzberg.at.host24.profi-server.at\/index.php?rest_route=%2Fwp%2Fv2%2Fmedia&parent=7836"}],"wp:term":[{"taxonomy":"category","embeddable":true,"href":"http:\/\/fcsulzberg.at.host24.profi-server.at\/index.php?rest_route=%2Fwp%2Fv2%2Fcategories&post=7836"},{"taxonomy":"post_tag","embeddable":true,"href":"http:\/\/fcsulzberg.at.host24.profi-server.at\/index.php?rest_route=%2Fwp%2Fv2%2Ftags&post=7836"}],"curies":[{"name":"wp","href":"https:\/\/api.w.org\/{rel}","templated":true}]}}