{"id":8056,"date":"2020-06-11T15:22:48","date_gmt":"2020-06-11T13:22:48","guid":{"rendered":"http:\/\/fcsulzberg.at.host24.profi-server.at\/?p=8056"},"modified":"2020-06-12T12:42:11","modified_gmt":"2020-06-12T10:42:11","slug":"news-zur-kommenden-saison","status":"publish","type":"post","link":"http:\/\/fcsulzberg.at.host24.profi-server.at\/?p=8056","title":{"rendered":"News zur kommenden Saison"},"content":{"rendered":"<p>Die Saison 2019\/2020 wird annulliert und s\u00e4mtliche Ligen werden auf Stand Sommer 2019 zur\u00fcckgesetzt.<\/p>\n<p>Der Vorarlberger Fu\u00dfballverband hat am Mittwoch den 10. Juni 2020 in einer Vorstandssitzung die Ligaeinteilungen f\u00fcr die Saison <!--more-->2020\/21 beschlossen. Dabei wurde beschlossen, dass es keine neuen Aufsteiger geben wird.<br \/>\nDie Eliteliga wird trotz R\u00fcckzug der Altach Juniors mit neun Klubs gespielt. Ebenso wird die Landesliga nach dem Ausscheiden des FC Schwarzach mit dreizehn Klubs in die neue Saison 2020\/2021 gehen.<br \/>\nDie Ligastruktur wird dann am Ende der Saison 2020\/21 durch entsprechende Auf- und Abstiegsbestimmungen wieder bereinigt.<\/p>\n<p>Noch nicht fix ist der Saisonstart. Derzeit geht man beim VFV von einem Anpfiff in den Amateurligen am 04.\/05. September 2020 aus.<\/p>\n","protected":false},"excerpt":{"rendered":"<p>Die Saison 2019\/2020 wird annulliert und s\u00e4mtliche Ligen werden auf Stand Sommer 2019 zur\u00fcckgesetzt. Der Vorarlberger Fu\u00dfballverband hat am Mittwoch den 10. Juni 2020 in einer Vorstandssitzung die Ligaeinteilungen f\u00fcr die Saison<\/p>\n","protected":false},"author":1,"featured_media":0,"comment_status":"open","ping_status":"closed","sticky":false,"template":"","format":"standard","meta":{"spay_email":""},"categories":[1],"tags":[],"aioseo_notices":[],"jetpack_featured_media_url":"","_links":{"self":[{"href":"http:\/\/fcsulzberg.at.host24.profi-server.at\/index.php?rest_route=\/wp\/v2\/posts\/8056"}],"collection":[{"href":"http:\/\/fcsulzberg.at.host24.profi-server.at\/index.php?rest_route=\/wp\/v2\/posts"}],"about":[{"href":"http:\/\/fcsulzberg.at.host24.profi-server.at\/index.php?rest_route=\/wp\/v2\/types\/post"}],"author":[{"embeddable":true,"href":"http:\/\/fcsulzberg.at.host24.profi-server.at\/index.php?rest_route=\/wp\/v2\/users\/1"}],"replies":[{"embeddable":true,"href":"http:\/\/fcsulzberg.at.host24.profi-server.at\/index.php?rest_route=%2Fwp%2Fv2%2Fcomments&post=8056"}],"version-history":[{"count":4,"href":"http:\/\/fcsulzberg.at.host24.profi-server.at\/index.php?rest_route=\/wp\/v2\/posts\/8056\/revisions"}],"predecessor-version":[{"id":8061,"href":"http:\/\/fcsulzberg.at.host24.profi-server.at\/index.php?rest_route=\/wp\/v2\/posts\/8056\/revisions\/8061"}],"wp:attachment":[{"href":"http:\/\/fcsulzberg.at.host24.profi-server.at\/index.php?rest_route=%2Fwp%2Fv2%2Fmedia&parent=8056"}],"wp:term":[{"taxonomy":"category","embeddable":true,"href":"http:\/\/fcsulzberg.at.host24.profi-server.at\/index.php?rest_route=%2Fwp%2Fv2%2Fcategories&post=8056"},{"taxonomy":"post_tag","embeddable":true,"href":"http:\/\/fcsulzberg.at.host24.profi-server.at\/index.php?rest_route=%2Fwp%2Fv2%2Ftags&post=8056"}],"curies":[{"name":"wp","href":"https:\/\/api.w.org\/{rel}","templated":true}]}}