{"id":8449,"date":"2020-09-07T15:13:44","date_gmt":"2020-09-07T13:13:44","guid":{"rendered":"http:\/\/fcsulzberg.at.host24.profi-server.at\/?p=8449"},"modified":"2020-09-13T14:00:37","modified_gmt":"2020-09-13T12:00:37","slug":"sieg-und-niederlage-in-schlins","status":"publish","type":"post","link":"http:\/\/fcsulzberg.at.host24.profi-server.at\/?p=8449","title":{"rendered":"Sieg und Niederlage in Schlins"},"content":{"rendered":"<p>Mit einem hochverdienten Sieg kehrte unsere erste Mannschaft aus Schlins zur\u00fcck.<\/p>\n<p>Von Beginn an nahmen unsere Jungs das Spiel in die Hand und erspielten sich Chance um Chance. Hoch stehend war es uns immer wieder m\u00f6glich vorne fr\u00fch zu pressen und den Gegner unter Druck zu setzen. So waren es Manuel M\u00f6ss und Yannick Alber <!--more-->die in der ersten Halbzeit auf 0:2 stellten.<\/p>\n<p>Die zweite Halbzeitwar dann etwas ausgeglichener wobei die Mannschaft um Kapit\u00e4n Stefan Eienbach wiederum die besseren Chancen hatte und zahlreiche \u201eSitzer\u201c ausgelassen hat. Der Kapit\u00e4n selbst und wiederum Manuel M\u00f6ss schraubten das Ergebniss noch auf 0:4.<br \/>\nSchon am Mittwoch geht es weiter in dieser \u201eenglischen Woche\u201c ausw\u00e4rts beim SK Brederis.<\/p>\n<p>Zu hoch viel die Niederlage beim 1b aus. Nach gutem Beginn h\u00e4tte es 2-0 f\u00fcr unsere Jungs stehen m\u00fcssen. Drei sehr gute M\u00f6glichkeiten wurden leider vergeben. So war es dann eine Standardsituation die den Hausherren das 1:0 brachte. Bis dahin standen wir sehr gut und lie\u00dfen auch keine Chancen zu. Mit einem Sonntagsschuss und einer Unachtsamkeit unserer Abwehr stellten die Schlinser noch vor der Pause auf 3:0. Der Anschlusstreffer durch Sebi Baldauf war dann aber dann doch zu wenig um noch z\u00e4hlbares aus Schlins mit zu nehmen.<\/p>\n<p>Mit einem Heimspiel <a href=\"x-apple-data-detectors:\/\/1\">am Dienstag um 18.00 Uhr<\/a>\u00a0gegen die SPG Gro\u00dfwalsertal geht es f\u00fcr Egon V\u00f6gel und sein Team in eine englische Woche.<\/p>\n<p>Beide Mannschaften w\u00fcrden sich nat\u00fcrlich \u00fcber Eure Unterst\u00fctzung freuen!<\/p>\n","protected":false},"excerpt":{"rendered":"<p>Mit einem hochverdienten Sieg kehrte unsere erste Mannschaft aus Schlins zur\u00fcck. Von Beginn an nahmen unsere Jungs das Spiel in die Hand und erspielten sich Chance um Chance. Hoch stehend war es uns immer wieder m\u00f6glich vorne fr\u00fch zu pressen und den Gegner unter Druck zu setzen. So waren es Manuel M\u00f6ss und Yannick Alber<\/p>\n","protected":false},"author":6,"featured_media":0,"comment_status":"open","ping_status":"closed","sticky":false,"template":"","format":"standard","meta":{"spay_email":""},"categories":[1],"tags":[],"aioseo_notices":[],"jetpack_featured_media_url":"","_links":{"self":[{"href":"http:\/\/fcsulzberg.at.host24.profi-server.at\/index.php?rest_route=\/wp\/v2\/posts\/8449"}],"collection":[{"href":"http:\/\/fcsulzberg.at.host24.profi-server.at\/index.php?rest_route=\/wp\/v2\/posts"}],"about":[{"href":"http:\/\/fcsulzberg.at.host24.profi-server.at\/index.php?rest_route=\/wp\/v2\/types\/post"}],"author":[{"embeddable":true,"href":"http:\/\/fcsulzberg.at.host24.profi-server.at\/index.php?rest_route=\/wp\/v2\/users\/6"}],"replies":[{"embeddable":true,"href":"http:\/\/fcsulzberg.at.host24.profi-server.at\/index.php?rest_route=%2Fwp%2Fv2%2Fcomments&post=8449"}],"version-history":[{"count":2,"href":"http:\/\/fcsulzberg.at.host24.profi-server.at\/index.php?rest_route=\/wp\/v2\/posts\/8449\/revisions"}],"predecessor-version":[{"id":8452,"href":"http:\/\/fcsulzberg.at.host24.profi-server.at\/index.php?rest_route=\/wp\/v2\/posts\/8449\/revisions\/8452"}],"wp:attachment":[{"href":"http:\/\/fcsulzberg.at.host24.profi-server.at\/index.php?rest_route=%2Fwp%2Fv2%2Fmedia&parent=8449"}],"wp:term":[{"taxonomy":"category","embeddable":true,"href":"http:\/\/fcsulzberg.at.host24.profi-server.at\/index.php?rest_route=%2Fwp%2Fv2%2Fcategories&post=8449"},{"taxonomy":"post_tag","embeddable":true,"href":"http:\/\/fcsulzberg.at.host24.profi-server.at\/index.php?rest_route=%2Fwp%2Fv2%2Ftags&post=8449"}],"curies":[{"name":"wp","href":"https:\/\/api.w.org\/{rel}","templated":true}]}}