{"id":9246,"date":"2022-07-12T06:55:11","date_gmt":"2022-07-12T04:55:11","guid":{"rendered":"http:\/\/fcsulzberg.at.host24.profi-server.at\/?p=9246"},"modified":"2022-07-12T06:55:11","modified_gmt":"2022-07-12T04:55:11","slug":"neuzugaenge","status":"publish","type":"post","link":"http:\/\/fcsulzberg.at.host24.profi-server.at\/?p=9246","title":{"rendered":"Neuzug\u00e4nge"},"content":{"rendered":"<p>Patrick Eller, Niclas Brugger, Dean Lackner, Peter Gmeiner<\/p>\n<p><a href=\"http:\/\/fcsulzberg.at.host24.profi-server.at\/wp-content\/uploads\/2022\/07\/IMG-20220711-WA0013.jpg\" data-rel=\"lightbox-image-0\" data-rl_title=\"\" data-rl_caption=\"\" title=\"\"><img loading=\"lazy\" class=\"alignnone size-medium wp-image-9247\" src=\"http:\/\/fcsulzberg.at.host24.profi-server.at\/wp-content\/uploads\/2022\/07\/IMG-20220711-WA0013-300x225.jpg\" alt=\"\" width=\"300\" height=\"225\" srcset=\"http:\/\/fcsulzberg.at.host24.profi-server.at\/wp-content\/uploads\/2022\/07\/IMG-20220711-WA0013-300x225.jpg 300w, http:\/\/fcsulzberg.at.host24.profi-server.at\/wp-content\/uploads\/2022\/07\/IMG-20220711-WA0013-1024x768.jpg 1024w, http:\/\/fcsulzberg.at.host24.profi-server.at\/wp-content\/uploads\/2022\/07\/IMG-20220711-WA0013-768x576.jpg 768w, http:\/\/fcsulzberg.at.host24.profi-server.at\/wp-content\/uploads\/2022\/07\/IMG-20220711-WA0013-1536x1152.jpg 1536w, http:\/\/fcsulzberg.at.host24.profi-server.at\/wp-content\/uploads\/2022\/07\/IMG-20220711-WA0013.jpg 1600w\" sizes=\"(max-width: 300px) 100vw, 300px\" \/><\/a><\/p>\n<p>Mit Patrick Eller kommt ein echter Publikumsliebling zur\u00fcck ins Alpenstadion. Seine Knipserqualit\u00e4ten sind im ganzen Land bekannt. Mit P\u00e4t werden wir in der Offensive wieder variabler sein.<\/p>\n<p>Niclas Brugger kommt vom FV Weiler. Der 23-j\u00e4hrige ist technisch versiert und flexibel einsetzbar. Er wird f\u00fcr mehr Stabilit\u00e4t in unserem Team sorgen.<\/p>\n<p>Spannend wird die neue Torh\u00fcterposition. Dean hat seine Karriere unter seinem Mentor Ingo T\u00fcrr in Hard begonnen. \u00dcber die Stationen H\u00f6chst und Fussach wechselt er diesen Sommer an der Berg. Mit Peter kommt ein &#8222;echter W\u00e4lder&#8220; zu uns. Mit seinem Heimverein FC Alberschwende hat er schon Regionalligaluft geschnuppert.<\/p>\n","protected":false},"excerpt":{"rendered":"<p>Patrick Eller, Niclas Brugger, Dean Lackner, Peter Gmeiner Mit Patrick Eller kommt ein echter Publikumsliebling zur\u00fcck ins Alpenstadion. Seine Knipserqualit\u00e4ten sind im ganzen Land bekannt. Mit P\u00e4t werden wir in der Offensive wieder variabler sein. Niclas Brugger kommt vom FV Weiler. Der 23-j\u00e4hrige ist technisch versiert und flexibel einsetzbar. Er wird f\u00fcr mehr Stabilit\u00e4t in &hellip; <a href=\"http:\/\/fcsulzberg.at.host24.profi-server.at\/?p=9246\" class=\"more-link\"><span class=\"screen-reader-text\">Neuzug\u00e4nge<\/span> weiterlesen <span class=\"meta-nav\">&rarr;<\/span><\/a><\/p>\n","protected":false},"author":10,"featured_media":0,"comment_status":"open","ping_status":"closed","sticky":false,"template":"","format":"standard","meta":{"spay_email":""},"categories":[1],"tags":[],"aioseo_notices":[],"jetpack_featured_media_url":"","_links":{"self":[{"href":"http:\/\/fcsulzberg.at.host24.profi-server.at\/index.php?rest_route=\/wp\/v2\/posts\/9246"}],"collection":[{"href":"http:\/\/fcsulzberg.at.host24.profi-server.at\/index.php?rest_route=\/wp\/v2\/posts"}],"about":[{"href":"http:\/\/fcsulzberg.at.host24.profi-server.at\/index.php?rest_route=\/wp\/v2\/types\/post"}],"author":[{"embeddable":true,"href":"http:\/\/fcsulzberg.at.host24.profi-server.at\/index.php?rest_route=\/wp\/v2\/users\/10"}],"replies":[{"embeddable":true,"href":"http:\/\/fcsulzberg.at.host24.profi-server.at\/index.php?rest_route=%2Fwp%2Fv2%2Fcomments&post=9246"}],"version-history":[{"count":1,"href":"http:\/\/fcsulzberg.at.host24.profi-server.at\/index.php?rest_route=\/wp\/v2\/posts\/9246\/revisions"}],"predecessor-version":[{"id":9248,"href":"http:\/\/fcsulzberg.at.host24.profi-server.at\/index.php?rest_route=\/wp\/v2\/posts\/9246\/revisions\/9248"}],"wp:attachment":[{"href":"http:\/\/fcsulzberg.at.host24.profi-server.at\/index.php?rest_route=%2Fwp%2Fv2%2Fmedia&parent=9246"}],"wp:term":[{"taxonomy":"category","embeddable":true,"href":"http:\/\/fcsulzberg.at.host24.profi-server.at\/index.php?rest_route=%2Fwp%2Fv2%2Fcategories&post=9246"},{"taxonomy":"post_tag","embeddable":true,"href":"http:\/\/fcsulzberg.at.host24.profi-server.at\/index.php?rest_route=%2Fwp%2Fv2%2Ftags&post=9246"}],"curies":[{"name":"wp","href":"https:\/\/api.w.org\/{rel}","templated":true}]}}