{"id":994,"date":"2015-07-13T07:32:58","date_gmt":"2015-07-13T05:32:58","guid":{"rendered":"http:\/\/fcsulzberg.at.host24.profi-server.at\/?p=994"},"modified":"2015-07-21T15:07:10","modified_gmt":"2015-07-21T13:07:10","slug":"die-neuen-gesichter-im-1","status":"publish","type":"post","link":"http:\/\/fcsulzberg.at.host24.profi-server.at\/?p=994","title":{"rendered":"Die neuen Gesichter im &#8222;1&#8220;"},"content":{"rendered":"<p>Wir stellen vor: Unser Verst\u00e4rkungen f\u00fcr die neue Saison!<!--more--><\/p>\n<table>\n<tbody>\n<tr>\n<td><a href=\"http:\/\/fcsulzberg.at.host24.profi-server.at\/wp-content\/uploads\/2015\/07\/Baur_Fabian__2015.jpg\" data-rel=\"lightbox-image-0\" data-rl_title=\"\" data-rl_caption=\"\" title=\"\"><img loading=\"lazy\" class=\" size-thumbnail wp-image-995 alignright\" src=\"http:\/\/fcsulzberg.at.host24.profi-server.at\/wp-content\/uploads\/2015\/07\/Baur_Fabian__2015-150x150.jpg\" alt=\"Baur_Fabian__2015\" width=\"150\" height=\"150\" srcset=\"http:\/\/fcsulzberg.at.host24.profi-server.at\/wp-content\/uploads\/2015\/07\/Baur_Fabian__2015-150x150.jpg 150w, http:\/\/fcsulzberg.at.host24.profi-server.at\/wp-content\/uploads\/2015\/07\/Baur_Fabian__2015-100x100.jpg 100w, http:\/\/fcsulzberg.at.host24.profi-server.at\/wp-content\/uploads\/2015\/07\/Baur_Fabian__2015-200x200.jpg 200w\" sizes=\"(max-width: 150px) 100vw, 150px\" \/><\/a><\/td>\n<td>Auf der <strong>Torh\u00fcterposition<\/strong> verst\u00e4rkt Fabian Baur (17 Jahre) unsere beiden Stammkr\u00e4fte Markus Kirchmann und Michael Feurle. Fabian spielte zuletzt in der Bezirksoberliga Jugend des VfB Friedrichshafen. Er ist ein junger talentierter Torh\u00fcter, der mit seiner Art und Weise sehr gut in unser Anforderungsprofil gepasst hat.<\/td>\n<\/tr>\n<tr>\n<td><a href=\"http:\/\/fcsulzberg.at.host24.profi-server.at\/wp-content\/uploads\/2015\/07\/Delfauro_Sandro_2015.jpg\" data-rel=\"lightbox-image-1\" data-rl_title=\"\" data-rl_caption=\"\" title=\"\"><img loading=\"lazy\" class=\" size-thumbnail wp-image-996 alignright\" src=\"http:\/\/fcsulzberg.at.host24.profi-server.at\/wp-content\/uploads\/2015\/07\/Delfauro_Sandro_2015-150x150.jpg\" alt=\"Delfauro_Sandro_2015\" width=\"150\" height=\"150\" srcset=\"http:\/\/fcsulzberg.at.host24.profi-server.at\/wp-content\/uploads\/2015\/07\/Delfauro_Sandro_2015-150x150.jpg 150w, http:\/\/fcsulzberg.at.host24.profi-server.at\/wp-content\/uploads\/2015\/07\/Delfauro_Sandro_2015-100x100.jpg 100w, http:\/\/fcsulzberg.at.host24.profi-server.at\/wp-content\/uploads\/2015\/07\/Delfauro_Sandro_2015-200x200.jpg 200w\" sizes=\"(max-width: 150px) 100vw, 150px\" \/><\/a><\/td>\n<td>F\u00fcr unsere <strong>Defensive<\/strong> kehrt ein \u201ealter\u201c junger Bekannter zur\u00fcck ins Alpenstadion. Sandro Delfauro (20 Jahre) schn\u00fcrt ab Sommer seine Fu\u00dfballschuhe wieder f\u00fcr unseren Verein. Sandro st\u00f6\u00dft von der Viktoria aus Bregenz zum Fliesen Heim FC Sulzberg. Der im defensiven Bereich, aber auch im Mittelfeld einsetzbare Linksfu\u00df, ist durchaus in der Lage mit seinen technischen Qualit\u00e4ten und seiner Schnelligkeit die Impulse \u00fcber die Au\u00dfenbahnen zu setzen.<\/td>\n<\/tr>\n<tr>\n<td><a href=\"http:\/\/fcsulzberg.at.host24.profi-server.at\/wp-content\/uploads\/2015\/07\/Winkler_Mathias_2015.jpg\" data-rel=\"lightbox-image-2\" data-rl_title=\"\" data-rl_caption=\"\" title=\"\"><img loading=\"lazy\" class=\" size-thumbnail wp-image-999 alignright\" src=\"http:\/\/fcsulzberg.at.host24.profi-server.at\/wp-content\/uploads\/2015\/07\/Winkler_Mathias_2015-150x150.jpg\" alt=\"Winkler_Mathias_2015\" width=\"150\" height=\"150\" srcset=\"http:\/\/fcsulzberg.at.host24.profi-server.at\/wp-content\/uploads\/2015\/07\/Winkler_Mathias_2015-150x150.jpg 150w, http:\/\/fcsulzberg.at.host24.profi-server.at\/wp-content\/uploads\/2015\/07\/Winkler_Mathias_2015-100x100.jpg 100w, http:\/\/fcsulzberg.at.host24.profi-server.at\/wp-content\/uploads\/2015\/07\/Winkler_Mathias_2015-200x200.jpg 200w\" sizes=\"(max-width: 150px) 100vw, 150px\" \/><\/a><\/td>\n<td>Ebenfalls kein Unbekannter ist unser Neuzugang Matthias Winkler (23 Jahre). Matze will nach einer kleinen sch\u00f6pferischen Pause wieder voll im Eins angreifen. Seine St\u00e4rke ist mit Sicherheit seine Flexibilit\u00e4t. Er kann sowohl auf den Au\u00dfenbahnen Druck erzeugen, als auch im <strong>Offensiven<\/strong> Bereich f\u00fcr Gefahr vor dem gegnerischen Tor sorgen. Das zeigen auch die 4 geschossenen Tore in nur 6 Spielen in der vergangenen Saison f\u00fcr unser 1b.<\/td>\n<\/tr>\n<tr>\n<td><a href=\"http:\/\/fcsulzberg.at.host24.profi-server.at\/wp-content\/uploads\/2015\/07\/Moess_Manuel_2015.jpg\" data-rel=\"lightbox-image-3\" data-rl_title=\"\" data-rl_caption=\"\" title=\"\"><img loading=\"lazy\" class=\" size-thumbnail wp-image-998 alignright\" src=\"http:\/\/fcsulzberg.at.host24.profi-server.at\/wp-content\/uploads\/2015\/07\/Moess_Manuel_2015-150x150.jpg\" alt=\"Moess_Manuel_2015\" width=\"150\" height=\"150\" srcset=\"http:\/\/fcsulzberg.at.host24.profi-server.at\/wp-content\/uploads\/2015\/07\/Moess_Manuel_2015-150x150.jpg 150w, http:\/\/fcsulzberg.at.host24.profi-server.at\/wp-content\/uploads\/2015\/07\/Moess_Manuel_2015-100x100.jpg 100w, http:\/\/fcsulzberg.at.host24.profi-server.at\/wp-content\/uploads\/2015\/07\/Moess_Manuel_2015-200x200.jpg 200w\" sizes=\"(max-width: 150px) 100vw, 150px\" \/><\/a><\/td>\n<td>Auf der zentralen Mittelfeldposition konnten wir Manuel M\u00f6\u00df f\u00fcr uns gewinnen. Manuel kommt aus der U17 des FC Memmingen zu uns. Dort spielte er 2014\/2015 eine durchaus erfolgreiche Saison in der Bayernliga. Manuel ist sowohl im zentralen defensiven, als auch im offensiven <strong>Mittelfeld<\/strong> einsetzbar. Ein technisch starker Spieler, der durch seine Dynamik und \u00dcbersicht mit Sicherheit eine Bereicherung ist.<\/td>\n<\/tr>\n<tr>\n<td><a href=\"http:\/\/fcsulzberg.at.host24.profi-server.at\/wp-content\/uploads\/2015\/07\/Fink_Alex_2015.jpg\" data-rel=\"lightbox-image-4\" data-rl_title=\"\" data-rl_caption=\"\" title=\"\"><img loading=\"lazy\" class=\" size-thumbnail wp-image-997 alignright\" src=\"http:\/\/fcsulzberg.at.host24.profi-server.at\/wp-content\/uploads\/2015\/07\/Fink_Alex_2015-150x150.jpg\" alt=\"Fink_Alex_2015\" width=\"150\" height=\"150\" srcset=\"http:\/\/fcsulzberg.at.host24.profi-server.at\/wp-content\/uploads\/2015\/07\/Fink_Alex_2015-150x150.jpg 150w, http:\/\/fcsulzberg.at.host24.profi-server.at\/wp-content\/uploads\/2015\/07\/Fink_Alex_2015-100x100.jpg 100w, http:\/\/fcsulzberg.at.host24.profi-server.at\/wp-content\/uploads\/2015\/07\/Fink_Alex_2015-200x200.jpg 200w\" sizes=\"(max-width: 150px) 100vw, 150px\" \/><\/a><\/td>\n<td>Unsere Offensive wird von <strong>Goalgetter<\/strong> Alexander Fink (21 Jahre) vom TSV Oberstaufen verst\u00e4rkt. Mit der Empfehlung von 23 Toren in 23 Spielen in der vergangenen Saison und \u00fcber 30 geschossenen Toren im Jahr zuvor, ist klar welche Qualit\u00e4ten Alexander besitzt. Er soll bei uns f\u00fcr mehr Durchschlagskraft vor dem gegnerischen Geh\u00e4use sorgen, gro\u00dfgewachsen und mit feiner Technik ausgestattet wird er dem Sulzberger Publikum mit Sicherheit viel Freude bereiten.<\/td>\n<\/tr>\n<\/tbody>\n<\/table>\n<p>&nbsp;<\/p>\n<p>&nbsp;<\/p>\n<p>&nbsp;<\/p>\n<p>&nbsp;<\/p>\n<p>&nbsp;<\/p>\n","protected":false},"excerpt":{"rendered":"<p>Wir stellen vor: Unser Verst\u00e4rkungen f\u00fcr die neue Saison!<\/p>\n","protected":false},"author":1,"featured_media":0,"comment_status":"closed","ping_status":"closed","sticky":false,"template":"","format":"standard","meta":{"spay_email":""},"categories":[1],"tags":[],"aioseo_notices":[],"jetpack_featured_media_url":"","_links":{"self":[{"href":"http:\/\/fcsulzberg.at.host24.profi-server.at\/index.php?rest_route=\/wp\/v2\/posts\/994"}],"collection":[{"href":"http:\/\/fcsulzberg.at.host24.profi-server.at\/index.php?rest_route=\/wp\/v2\/posts"}],"about":[{"href":"http:\/\/fcsulzberg.at.host24.profi-server.at\/index.php?rest_route=\/wp\/v2\/types\/post"}],"author":[{"embeddable":true,"href":"http:\/\/fcsulzberg.at.host24.profi-server.at\/index.php?rest_route=\/wp\/v2\/users\/1"}],"replies":[{"embeddable":true,"href":"http:\/\/fcsulzberg.at.host24.profi-server.at\/index.php?rest_route=%2Fwp%2Fv2%2Fcomments&post=994"}],"version-history":[{"count":12,"href":"http:\/\/fcsulzberg.at.host24.profi-server.at\/index.php?rest_route=\/wp\/v2\/posts\/994\/revisions"}],"predecessor-version":[{"id":1015,"href":"http:\/\/fcsulzberg.at.host24.profi-server.at\/index.php?rest_route=\/wp\/v2\/posts\/994\/revisions\/1015"}],"wp:attachment":[{"href":"http:\/\/fcsulzberg.at.host24.profi-server.at\/index.php?rest_route=%2Fwp%2Fv2%2Fmedia&parent=994"}],"wp:term":[{"taxonomy":"category","embeddable":true,"href":"http:\/\/fcsulzberg.at.host24.profi-server.at\/index.php?rest_route=%2Fwp%2Fv2%2Fcategories&post=994"},{"taxonomy":"post_tag","embeddable":true,"href":"http:\/\/fcsulzberg.at.host24.profi-server.at\/index.php?rest_route=%2Fwp%2Fv2%2Ftags&post=994"}],"curies":[{"name":"wp","href":"https:\/\/api.w.org\/{rel}","templated":true}]}}